{"id":13839,"date":"2020-06-17T10:22:53","date_gmt":"2020-06-17T15:22:53","guid":{"rendered":"http:\/\/www.zonaroja.com.mx\/?p=13839"},"modified":"2020-06-17T10:22:57","modified_gmt":"2020-06-17T15:22:57","slug":"en-la-ciudad-de-los-ninos-agradecen-apoyo-y-alertan-sobre-posibles-fraudes","status":"publish","type":"post","link":"https:\/\/zonaroja.com.mx\/?p=13839","title":{"rendered":"En la \u201cCiudad de los Ni\u00f1os\u201d agradecen apoyo y alertan sobre posibles fraudes"},"content":{"rendered":"\n<p>Evlin\nArag\u00f3n\/Zona Roja.<\/p>\n\n\n\n<p>Oaxaca\nde Ju\u00e1rez, Oax., 17 de junio de 2020.- La respuesta solidaria de la poblaci\u00f3n\noaxaque\u00f1a ha sido de lo poco rescatable en este periodo de emergencia\nsanitaria, debido a la pandemia por Covid-19 que ya cumple tres meses en los\npr\u00f3ximos d\u00edas.<\/p>\n\n\n\n<p>As\u00ed\nlo refiere personal administrativo de la \u201cCiudad de los Ni\u00f1os y Ni\u00f1as de\nOaxaca\u201d, que en los \u00faltimos d\u00edas recibi\u00f3 un importante apoyo por parte de la\nciudadan\u00eda que respondi\u00f3 al llamado de ayuda, luego de una nota informativa\npublicada por el periodista Octavio V\u00e9lez, que evidenciaba las necesidades a\nlas que se enfrentaba la instituci\u00f3n.<\/p>\n\n\n\n<p>\u201cEstamos\nconscientes que la \u2018Ciudad de los Ni\u00f1os\u2019 vive intensamente en el coraz\u00f3n del\npueblo de Oaxaca y es innegable el amor que le tienen a nuestros ni\u00f1os, de ah\u00ed\nla respuesta concreta que hemos tenido en estos tiempos dif\u00edciles\u201d, citan en un\ncomunicado emitido.<\/p>\n\n\n\n<p>Sin\nembargo y con la intenci\u00f3n de evitar fraudes a nombre de la noble instituci\u00f3n,\npidieron a la ciudadan\u00eda ponerse en contacto directo con las personas que la\nadministran, a fin de no permitir que los actos de buena fe terminen siendo\nutilizados para otros fines.<\/p>\n\n\n\n<p>\u201cSugerimos\nque cuando planeen iniciar alguna acci\u00f3n a favor de la instituci\u00f3n, nos busquen\npersonalmente para comentarlas y llevarlas a cabo. As\u00ed evitaremos, como en\notras ocasione ha sucedido y no han hecho de nuestro conocimiento, que personas\nque no tienen ninguna relaci\u00f3n con nuestra Instituci\u00f3n, se aprovechen de la\nbuena fe de la sociedad\u201d, refirieron.<\/p>\n\n\n\n<p>Explicaron\nque para el organismo es sumamente importante cuidar la relaci\u00f3n con toda la sociedad\noaxaque\u00f1a a la que se deben, raz\u00f3n por la hacen la precisi\u00f3n anterior, sin\ndejar de agradecer al gran aporte recibido en los \u00faltimos d\u00edas y que permiti\u00f3\ncubrir en un 80 por ciento las necesidades alimentarias que padec\u00edan debido al\nconfinamiento.<\/p>\n\n\n\n<p>Recordaron\nque sus hogares, por los que han pasado alrededor de dos mil ni\u00f1as y ni\u00f1os a lo\nlargo de la historia, se sostienen \u00fanicamente de los donativos en especie o\necon\u00f3micos de personas de buena voluntad que en forma peri\u00f3dica les apoyan, sin\nembargo, la falta de alimento se empez\u00f3 a agudizar debido al resguardo\ndomiciliario, as\u00ed como del cierre y complicaciones sanitarias que ha sufrido la\nCentral de Abasto.<\/p>\n\n\n\n<p>Finalmente\npusieron a disposici\u00f3n los n\u00fameros 951 512 79 00, 951 512 57 77 y 951 51459 23\nque corresponden a Jes\u00fas Fajardo Cruz, Refugio G\u00f3mez y Gladis Castellanos\nHern\u00e1ndez, personal directivo de la \u201cCiudad de los Ni\u00f1os\u201d, \u201cHogar de la Ni\u00f1a en\nOaxaca\u201d y \u201cProcasahogar del Ni\u00f1o\u201d, respectivamente.<\/p>\n","protected":false},"excerpt":{"rendered":"<p>Evlin Arag\u00f3n\/Zona Roja. Oaxaca de Ju\u00e1rez, Oax., 17 de junio de 2020.- La respuesta solidaria&hellip;<\/p>\n","protected":false},"author":2,"featured_media":13840,"comment_status":"closed","ping_status":"open","sticky":false,"template":"","format":"standard","meta":{"_lmt_disableupdate":"","_lmt_disable":"","_jetpack_memberships_contains_paid_content":false,"footnotes":""},"categories":[109,46],"tags":[1764],"class_list":["post-13839","post","type-post","status-publish","format-standard","has-post-thumbnail","hentry","category-minuto-a-minuto","category-zona-blanca","tag-ciudad-de-los-ninos-oaxaca"],"jetpack_featured_media_url":"https:\/\/zonaroja.com.mx\/wp-content\/uploads\/2020\/06\/Ciudad-de-los-Ni\u00f1os.jpg","jetpack_sharing_enabled":true,"_links":{"self":[{"href":"https:\/\/zonaroja.com.mx\/index.php?rest_route=\/wp\/v2\/posts\/13839","targetHints":{"allow":["GET"]}}],"collection":[{"href":"https:\/\/zonaroja.com.mx\/index.php?rest_route=\/wp\/v2\/posts"}],"about":[{"href":"https:\/\/zonaroja.com.mx\/index.php?rest_route=\/wp\/v2\/types\/post"}],"author":[{"embeddable":true,"href":"https:\/\/zonaroja.com.mx\/index.php?rest_route=\/wp\/v2\/users\/2"}],"replies":[{"embeddable":true,"href":"https:\/\/zonaroja.com.mx\/index.php?rest_route=%2Fwp%2Fv2%2Fcomments&post=13839"}],"version-history":[{"count":1,"href":"https:\/\/zonaroja.com.mx\/index.php?rest_route=\/wp\/v2\/posts\/13839\/revisions"}],"predecessor-version":[{"id":13841,"href":"https:\/\/zonaroja.com.mx\/index.php?rest_route=\/wp\/v2\/posts\/13839\/revisions\/13841"}],"wp:featuredmedia":[{"embeddable":true,"href":"https:\/\/zonaroja.com.mx\/index.php?rest_route=\/wp\/v2\/media\/13840"}],"wp:attachment":[{"href":"https:\/\/zonaroja.com.mx\/index.php?rest_route=%2Fwp%2Fv2%2Fmedia&parent=13839"}],"wp:term":[{"taxonomy":"category","embeddable":true,"href":"https:\/\/zonaroja.com.mx\/index.php?rest_route=%2Fwp%2Fv2%2Fcategories&post=13839"},{"taxonomy":"post_tag","embeddable":true,"href":"https:\/\/zonaroja.com.mx\/index.php?rest_route=%2Fwp%2Fv2%2Ftags&post=13839"}],"curies":[{"name":"wp","href":"https:\/\/api.w.org\/{rel}","templated":true}]}}