{"id":13842,"date":"2020-06-17T12:04:27","date_gmt":"2020-06-17T17:04:27","guid":{"rendered":"http:\/\/www.zonaroja.com.mx\/?p=13842"},"modified":"2020-06-17T12:04:32","modified_gmt":"2020-06-17T17:04:32","slug":"edil-de-acatlan-con-pasado-de-acusaciones-de-huachicoleo-y-asesinatos","status":"publish","type":"post","link":"https:\/\/zonaroja.com.mx\/?p=13842","title":{"rendered":"Edil de Acatl\u00e1n, con pasado de acusaciones de \u201chuachicoleo\u201d y asesinatos"},"content":{"rendered":"\n<p>Redacci\u00f3n\/\nZona Roja<\/p>\n\n\n\n<p>Oaxaca\nde Ju\u00e1rez, Oax., 17 de junio de 2020.- La muerte de Alexander, junto con el\nataque a j\u00f3venes el pasado 9 de junio en Vicente Camalote; enfrentamientos con\ngrupos armados, desapariciones de personas y robo de hidrocarburo, son algunas\nde las acusaciones que recaen sobre el presidente de Acatl\u00e1n de P\u00e9rez Figueroa,\nAd\u00e1n Maciel Sosa.<\/p>\n\n\n\n<p>Familiares\ndel joven asesinado por un elemento de la Polic\u00eda Municipal de Acatl\u00e1n,\nAlexander Mart\u00ednez G\u00f3mez, se\u00f1alaron p\u00fablicamente como responsable del ataque\narmado al edil, surgido del Partido Acci\u00f3n Nacional, quien presuntamente habr\u00eda\nordenado la acci\u00f3n.<\/p>\n\n\n\n<p>El\ntemor de la autoridad municipal, indicaron, es que desconf\u00edan de todos ante su\npresunto v\u00ednculo con la delincuencia organizada, lo cual tambi\u00e9n ha se\u00f1alado el\ndiputado local por el Distrito 01 de Acatl\u00e1n, Gustavo D\u00edaz S\u00e1nchez, e incluso\npor un grupo armado a trav\u00e9s de un video en el 2018.<\/p>\n\n\n\n<p>Los\nhechos delictivos en Acatl\u00e1n se registran desde hace varios a\u00f1os con el robo de\nhidrocarburo, tema al que vinculan al edil, pero la implementaci\u00f3n de acciones\nconcretaras por parte de la Secretar\u00eda de Seguridad P\u00fablica de Oaxaca regres\u00f3 a\nla zona el pasado mes de mayo.<\/p>\n\n\n\n<p>El\npasado 15 de mayo, la Polic\u00eda Estatal acudi\u00f3 al municipio tras el llamado de\nauxilio de la Polic\u00eda Municipal por la presencia de un grupo de personas\narmadas, quienes habr\u00edan realizado tambi\u00e9n un ataque al Palacio Municipal.<\/p>\n\n\n\n<p>En\nun enfrentamiento con los elementos estatales, seis hombres armados murieron,\npero de esta situaci\u00f3n, el edil de Acatl\u00e1n, Ad\u00e1n Maciel responsabiliz\u00f3 al\ndiputado D\u00edaz S\u00e1nchez de comandar el grupo originario de Soyaltepec y Cosolapa.<\/p>\n\n\n\n<p>POLIC\u00cdA\nDELINCUENTE<\/p>\n\n\n\n<p>En\ntanto, el diputado Gustavo D\u00edaz S\u00e1nchez se\u00f1al\u00f3 al director de la Polic\u00eda\nMunicipal de Acatl\u00e1n, Siken Ventura Valerio, de dirigir la desaparici\u00f3n de\npersonas en la zona y al menos 36 asesinatos.<\/p>\n\n\n\n<p>Dijo\nque por esto hechos realizar\u00eda los procedimientos precisos ante la Fiscal\u00eda\nGeneral de Oaxaca para que se ejerza justicia, pero adem\u00e1s que el edil tiene un\nlaboratorio de droga sint\u00e9tica.<\/p>\n\n\n\n<p>Estos\nse\u00f1alamientos tambi\u00e9n tienen como antecedente un video difundido en redes\nsociales el 30 de abril de 2018, presuntamente por integrantes del C\u00e1rtel\nJalisco Nueva Generaci\u00f3n (CJNG).<\/p>\n\n\n\n<p>\u201cEste\ncomunicado va para ti Ad\u00e1n Maciel, presidente de Acatl\u00e1n de P\u00e9rez, para Homero\nSimpson tu hermano, para el Chema y el comandante Cano, ya los tenemos bien\nubicados a ti y a tu bola de mugrosos\u201d.<\/p>\n\n\n\n<p>En\naquella ocasi\u00f3n los hombres armados del video tambi\u00e9n advirtieron al presidente\npanista: \u201cYa te matamos a tu padrino \u2018El Brujo\u2019, hijo de tu puta madre. Ahora\nvamos por ustedes hijos de su puta madre. Ya la gente est\u00e1 hasta la madre de\ntanto abuso y matanza de inocentes en tu municipio\u201d.<\/p>\n\n\n\n<p>Adem\u00e1s,\nindicaron que: \u201cLa misma ciudadan\u00eda te est\u00e1 poniendo. As\u00ed que, p\u00f3ngase vergas\nporque vamos por ustedes. Traes a puro malandro de polic\u00eda que se esconde atr\u00e1s\nde un uniforme. La ciudadan\u00eda ya est\u00e1 hasta la madre de desaparecidos cabr\u00f3n\u201d.<\/p>\n\n\n\n<p>CACICAZGO\nY \u201cHUACHICOL\u201d<\/p>\n\n\n\n<p>Acatl\u00e1n\nde P\u00e9rez Figueroa ha sido gobernado por lo menos en los \u00faltimos nueve a\u00f1os por\nla familia Maciel Sosa; poder que pas\u00f3 de mano en mano de los hermanos David y\nAd\u00e1n.<\/p>\n\n\n\n<p>Ad\u00e1n\nMaciel gobern\u00f3 del 2011 al 2013; en 2014 su hermano David tom\u00f3 el poder hasta\nel 2016 y en 2017 volvi\u00f3 a llegar Ad\u00e1n, quien adem\u00e1s gan\u00f3 la reelecci\u00f3n para el\nperiodo 2019-2021.<\/p>\n\n\n\n<p>David\nfue asesinado en un asalto en la autopista M\u00e9xico- Puebla, en Jurisdicci\u00f3n de\nTexmelucan, Puebla en 2018.<\/p>\n\n\n\n<p>Las\nautoridades estatales, a trav\u00e9s de la Secretar\u00eda de Seguridad P\u00fablica,\nreportaron tan s\u00f3lo en febrero de ese a\u00f1o el aseguramiento de 31 mil litros de\nhidrocarburo y veh\u00edculos robados en la regi\u00f3n de la Cuenca, la mayor\u00eda de\nlitros decomisados localizados en Acatl\u00e1n.<\/p>\n\n\n\n<p>Estos\nreportes se difund\u00edan de forma continua por la autoridad estatal, pero que en\nlos \u00faltimos meses ha disminuido.<\/p>\n\n\n\n<p>Durante\nla campa\u00f1a pol\u00edtica de Ad\u00e1n Maciel, fue acusado tambi\u00e9n por sus opositores\npol\u00edticos de estar inmiscuido en el \u201chuchicoleo\u201d y con ligas con el crimen\norganizado.<\/p>\n\n\n\n<p>La\npoblaci\u00f3n de Acatl\u00e1n se encuentra enardecida por el m\u00e1s reciente asesinato de\nAlexander y ataque armado para al menos ocho j\u00f3venes m\u00e1s en la comunidad de\nVicente Camalote. Exigen justicia y castigo ejemplar para todas las autoridades\ninvolucradas en el hecho.<\/p>\n","protected":false},"excerpt":{"rendered":"<p>Redacci\u00f3n\/ Zona Roja Oaxaca de Ju\u00e1rez, Oax., 17 de junio de 2020.- La muerte de&hellip;<\/p>\n","protected":false},"author":2,"featured_media":13843,"comment_status":"closed","ping_status":"open","sticky":false,"template":"","format":"standard","meta":{"_lmt_disableupdate":"","_lmt_disable":"","_jetpack_memberships_contains_paid_content":false,"footnotes":""},"categories":[109,51],"tags":[187,1717],"class_list":["post-13842","post","type-post","status-publish","format-standard","has-post-thumbnail","hentry","category-minuto-a-minuto","category-zona-roja","tag-acatlan-de-perez-figueroa","tag-adan-maciel-sosa"],"jetpack_featured_media_url":"https:\/\/zonaroja.com.mx\/wp-content\/uploads\/2020\/06\/Ad\u00e1n-Maciel-Sosa.jpg","jetpack_sharing_enabled":true,"_links":{"self":[{"href":"https:\/\/zonaroja.com.mx\/index.php?rest_route=\/wp\/v2\/posts\/13842","targetHints":{"allow":["GET"]}}],"collection":[{"href":"https:\/\/zonaroja.com.mx\/index.php?rest_route=\/wp\/v2\/posts"}],"about":[{"href":"https:\/\/zonaroja.com.mx\/index.php?rest_route=\/wp\/v2\/types\/post"}],"author":[{"embeddable":true,"href":"https:\/\/zonaroja.com.mx\/index.php?rest_route=\/wp\/v2\/users\/2"}],"replies":[{"embeddable":true,"href":"https:\/\/zonaroja.com.mx\/index.php?rest_route=%2Fwp%2Fv2%2Fcomments&post=13842"}],"version-history":[{"count":1,"href":"https:\/\/zonaroja.com.mx\/index.php?rest_route=\/wp\/v2\/posts\/13842\/revisions"}],"predecessor-version":[{"id":13844,"href":"https:\/\/zonaroja.com.mx\/index.php?rest_route=\/wp\/v2\/posts\/13842\/revisions\/13844"}],"wp:featuredmedia":[{"embeddable":true,"href":"https:\/\/zonaroja.com.mx\/index.php?rest_route=\/wp\/v2\/media\/13843"}],"wp:attachment":[{"href":"https:\/\/zonaroja.com.mx\/index.php?rest_route=%2Fwp%2Fv2%2Fmedia&parent=13842"}],"wp:term":[{"taxonomy":"category","embeddable":true,"href":"https:\/\/zonaroja.com.mx\/index.php?rest_route=%2Fwp%2Fv2%2Fcategories&post=13842"},{"taxonomy":"post_tag","embeddable":true,"href":"https:\/\/zonaroja.com.mx\/index.php?rest_route=%2Fwp%2Fv2%2Ftags&post=13842"}],"curies":[{"name":"wp","href":"https:\/\/api.w.org\/{rel}","templated":true}]}}