{"id":13849,"date":"2020-06-17T14:19:50","date_gmt":"2020-06-17T19:19:50","guid":{"rendered":"http:\/\/www.zonaroja.com.mx\/?p=13849"},"modified":"2020-06-17T14:19:54","modified_gmt":"2020-06-17T19:19:54","slug":"insta-diputado-a-fiscalia-investigar-de-manera-efectiva-abusos-policiales","status":"publish","type":"post","link":"https:\/\/zonaroja.com.mx\/?p=13849","title":{"rendered":"Insta diputado a Fiscal\u00eda investigar de manera efectiva abusos policiales"},"content":{"rendered":"\n<p>Redacci\u00f3n\/Zona\nRoja.<\/p>\n\n\n\n<p>Oaxaca\nde Ju\u00e1rez, Oax., 17 de junio de 2020.- La Fiscal\u00eda General del Estado, al mando\nde Rub\u00e9n Vasconcelos M\u00e9ndez, debe desarrollar una investigaci\u00f3n seria,\nexpedita, pronta, imparcial y efectiva, con todos los medios legales a su\nalcance para esclarecer los ataques de polic\u00edas municipales a poblaci\u00f3n civil.<\/p>\n\n\n\n<p>Los\nrecientes hechos derivaron en la ejecuci\u00f3n extrajudicial de Alexander Mart\u00ednez\nG\u00f3mez y Diego Luna Paz, en los municipios de Acatl\u00e1n de P\u00e9rez Figueroa y San\nPablo Huitzo, respectivamente, y deber\u00e1 asegurar que quienes resulten\nresponsables, rindan cuentas ante la justicia, fue el exhorto que realiz\u00f3 el\ndiputado local Horacio Sosa.<\/p>\n\n\n\n<p>Respecto\ndel primer caso ocurrido el martes 9 de junio, el presidente de la Junta de\nCoordinaci\u00f3n Pol\u00edtica del Congreso del Estado, dijo que el joven Alexander, de\n16 a\u00f1os, fue asesinado a balazos a manos de elementos de la Polic\u00eda Municipal\nde Acatl\u00e1n de P\u00e9rez Figueroa, municipio ubicado en la regi\u00f3n de la Cuenca del\nPapaloapan, donde el ayuntamiento se adelant\u00f3 a las investigaciones ministeriales,\nal exponer en su cuenta oficial en redes sociales supuestas motivaciones para\nel actuar de su propio cuerpo policiaco y con ello defenderlo. Ello queda de\nmanifiesto igualmente en su etiqueta \u201cLa historia de la corporaci\u00f3n habla por\ns\u00ed sola\u201d.<\/p>\n\n\n\n<p>Horacio\nSosa se\u00f1al\u00f3 que el segundo aspecto que transgrede la Constituci\u00f3n en la misma\npublicaci\u00f3n es la violaci\u00f3n al Estado laico, con la segunda etiqueta, \u201cDios y\npatria\u201d. <\/p>\n\n\n\n<p>No\nsolamente es un elemento totalmente injustificado en el contexto del contenido\nque se expone, sino que adem\u00e1s se trata de un mensaje religioso pronunciado por\nuna autoridad municipal, a trav\u00e9s de un canal institucional para su\ncomunicaci\u00f3n p\u00fablica.<\/p>\n\n\n\n<p>En\nel caso de San Pablo Huitzo, se trata del asesinato de un joven de 20 a\u00f1os,\nidentificado como Diego Luna Paz, cuyo cuerpo fue hallado el 7 de mayo de 2020,\nen inmediaciones de ese municipio. <\/p>\n\n\n\n<p>En\nlos mismos hechos en los que el joven fue asesinado, su hermano Juan Jaciel fue\ngravemente lesionado. Tanto a trav\u00e9s de redes sociales como en diversos medios,\nel abuelo de ambos j\u00f3venes responsabiliz\u00f3 a la polic\u00eda municipal de ser la\ncausante del homicidio de su nieto y de torturar al otro.<\/p>\n\n\n\n<p>El\ndiputado local dej\u00f3 claro que el asesinato de los j\u00f3venes, la privaci\u00f3n\narbitraria de la libertad, la situaci\u00f3n de las personas heridas, constituyen\ngraves violaciones a los derechos humanos que no deben permanecer en la\nimpunidad. <\/p>\n\n\n\n<p>Por\nello, \u201cproponemos instar a las autoridades a realizar una investigaci\u00f3n seria,\nimparcial y efectiva, con todos los medios legales a su alcance para esclarecer\nlos hechos y asegurar que quienes resulten responsables rindan cuentas ante la\njusticia\u201d, puntualiz\u00f3.<\/p>\n","protected":false},"excerpt":{"rendered":"<p>Redacci\u00f3n\/Zona Roja. Oaxaca de Ju\u00e1rez, Oax., 17 de junio de 2020.- La Fiscal\u00eda General del&hellip;<\/p>\n","protected":false},"author":2,"featured_media":13550,"comment_status":"closed","ping_status":"open","sticky":false,"template":"","format":"standard","meta":{"_lmt_disableupdate":"","_lmt_disable":"","_jetpack_memberships_contains_paid_content":false,"footnotes":""},"categories":[109,47],"tags":[444],"class_list":["post-13849","post","type-post","status-publish","format-standard","has-post-thumbnail","hentry","category-minuto-a-minuto","category-zona-gris","tag-horacio-sosa-villavicencio"],"jetpack_featured_media_url":"https:\/\/zonaroja.com.mx\/wp-content\/uploads\/2020\/06\/Alexander-G-1.jpg","jetpack_sharing_enabled":true,"_links":{"self":[{"href":"https:\/\/zonaroja.com.mx\/index.php?rest_route=\/wp\/v2\/posts\/13849","targetHints":{"allow":["GET"]}}],"collection":[{"href":"https:\/\/zonaroja.com.mx\/index.php?rest_route=\/wp\/v2\/posts"}],"about":[{"href":"https:\/\/zonaroja.com.mx\/index.php?rest_route=\/wp\/v2\/types\/post"}],"author":[{"embeddable":true,"href":"https:\/\/zonaroja.com.mx\/index.php?rest_route=\/wp\/v2\/users\/2"}],"replies":[{"embeddable":true,"href":"https:\/\/zonaroja.com.mx\/index.php?rest_route=%2Fwp%2Fv2%2Fcomments&post=13849"}],"version-history":[{"count":1,"href":"https:\/\/zonaroja.com.mx\/index.php?rest_route=\/wp\/v2\/posts\/13849\/revisions"}],"predecessor-version":[{"id":13850,"href":"https:\/\/zonaroja.com.mx\/index.php?rest_route=\/wp\/v2\/posts\/13849\/revisions\/13850"}],"wp:featuredmedia":[{"embeddable":true,"href":"https:\/\/zonaroja.com.mx\/index.php?rest_route=\/wp\/v2\/media\/13550"}],"wp:attachment":[{"href":"https:\/\/zonaroja.com.mx\/index.php?rest_route=%2Fwp%2Fv2%2Fmedia&parent=13849"}],"wp:term":[{"taxonomy":"category","embeddable":true,"href":"https:\/\/zonaroja.com.mx\/index.php?rest_route=%2Fwp%2Fv2%2Fcategories&post=13849"},{"taxonomy":"post_tag","embeddable":true,"href":"https:\/\/zonaroja.com.mx\/index.php?rest_route=%2Fwp%2Fv2%2Ftags&post=13849"}],"curies":[{"name":"wp","href":"https:\/\/api.w.org\/{rel}","templated":true}]}}