{"id":13851,"date":"2020-06-17T15:25:02","date_gmt":"2020-06-17T20:25:02","guid":{"rendered":"http:\/\/www.zonaroja.com.mx\/?p=13851"},"modified":"2020-06-17T15:29:35","modified_gmt":"2020-06-17T20:29:35","slug":"denuncian-acoso-y-hostigamiento-laboral-en-sso-exigen-renuncia-de-funcionario","status":"publish","type":"post","link":"https:\/\/zonaroja.com.mx\/?p=13851","title":{"rendered":"Denuncian acoso y hostigamiento laboral en SSO; exigen renuncia de funcionario"},"content":{"rendered":"\n<p>Evlin\nArag\u00f3n\/Zona Roja.<\/p>\n\n\n\n<p>Oaxaca\nde Ju\u00e1rez, Oax., 17 de junio de 2020.- \u201cAlto a la violencia de g\u00e9nero y laboral\nen la Direcci\u00f3n de Planeaci\u00f3n y Desarrollo, justicia para Fabiola\u201d, es la\nprincipal demanda de personal adscrito a los Servicios de Salud de Oaxaca, que\nesta ma\u00f1ana \u201ctom\u00f3\u201d las instalaciones de la Direcci\u00f3n de Planeaci\u00f3n y\nDesarrollo, ubicadas en la colonia Reforma, en respaldo a una de sus compa\u00f1eras\nque sufre acoso y hostigamiento laboral dentro y fuera de la dependencia.<\/p>\n\n\n\n<p>Durante\nla manifestaci\u00f3n, Fabiola Ver\u00f3nica Garc\u00eda S\u00e1nchez denunci\u00f3 que desde hace siete\nmeses ha sido v\u00edctima de acoso y violencia de g\u00e9nero por parte de Abad Guti\u00e9rrez,\npareja sentimental de la ex delegada sindical Martha Juana Olivera Arellanes,\nquien luego de ser denunciada por irregularidades con la base trabajadora\npretende intimidar a quienes evidenciaron su mal proceder.<\/p>\n\n\n\n<p>Denunci\u00f3 asimismo al director de Planeaci\u00f3n, Vladimir Santos, por proteger a dicha persona y permitir la violencia de g\u00e9nero.<\/p>\n\n\n\n<p>\u201cYo\nhe estado denunciado desde el mes de noviembre los hechos, se han girado las\nindicaciones, tengo un oficio reciente donde se giran las instrucciones para\nlos directivos para que se le restringa la entrada a esta persona, sin embargo,\nlo anterior no ha sido respetado por la se\u00f1ora Martha Juana\u201d, refiri\u00f3 la\ndenunciante.<\/p>\n\n\n\n<p>Aclar\u00f3 que el agresor no es trabajador de los Servicios de Salud, pero su relaci\u00f3n cercana con la ex delegada le permite entrar y salir de las instalaciones en donde hace gala de su machismo al hacerle se\u00f1as obscenas, groser\u00edas, empujarla y recientemente lo vinculan con las amenazas que recibi\u00f3 v\u00eda telef\u00f3nica.<\/p>\n\n\n\n<figure class=\"wp-block-embed-twitter wp-block-embed is-type-rich is-provider-twitter\"><div class=\"wp-block-embed__wrapper\">\n<div class=\"twitter-tweet\"><blockquote class=\"twitter-tweet\" data-lang=\"es\"><p lang=\"es\" dir=\"ltr\"><a href=\"https:\/\/twitter.com\/hashtag\/%C3%9AltimoMinuto?src=hash&amp;ref_src=twsrc%5Etfw\">#\u00daltimoMinuto<\/a> <br>Siguen los problemas en los <a href=\"https:\/\/twitter.com\/SSO_GobOax?ref_src=twsrc%5Etfw\">@SSO_GobOax<\/a>; ahora trabajadora denuncia acoso laboral y hostigamiento sexual por parte del director de Planeaci\u00f3n, Vladimir Santos, de quien exige renuncia; \u201ctoman\u201d oficinas en la colonia Reforma de la ciudad de Oaxaca. <a href=\"https:\/\/t.co\/Cq1cJyKsGq\">pic.twitter.com\/Cq1cJyKsGq<\/a><\/p>&mdash; Zona Roja Oaxaca (@MexRoja) <a href=\"https:\/\/twitter.com\/MexRoja\/status\/1273289383769108480?ref_src=twsrc%5Etfw\">17 de junio de 2020<\/a><\/blockquote><\/div>\n<\/div><\/figure>\n\n\n\n<p>\u201cYo\nme siento muy insegura dentro y fuera de las oficinas de Planeaci\u00f3n, tomamos\nesta acci\u00f3n radical porque yo recib\u00ed amenazas en mi tel\u00e9fono, me mandaron\nmensajes que parar\u00e1 con este tema si no me iban a mandar a golpear por llamarlo\nas\u00ed porque no quiero usar las palabras que utilizaron\u201d, refiri\u00f3.<\/p>\n\n\n\n<p>S\u00e1nchez\nGarc\u00eda refiri\u00f3 que el director de Planeaci\u00f3n y Desarrollo, Vladimir Santos\nPineda, tiene conocimiento de la situaci\u00f3n sin embargo no la ha tomado con la\nseriedad que se merece, raz\u00f3n por la que radicalizaron sus protestas y\nexigieron la atenci\u00f3n inmediata por parte del funcionario, o en su caso su\nrenuncia.<\/p>\n\n\n\n<p>\u201cNo\nes posible que se le tenga m\u00e1s consideraci\u00f3n a una persona que no trabaja en\nlos Servicios de Salud que a m\u00ed que tengo m\u00e1s de 12 a\u00f1os brindando mis\nservicios a esta instancia\u201d, reclam\u00f3&nbsp;&nbsp; <\/p>\n\n\n\n<p>Finalmente,\nFabiola Garc\u00eda asegur\u00f3 no ser la \u00fanica v\u00edctima de agresiones, sin embargo, las\ndem\u00e1s mujeres no han querido denunciar debido a las represalias que traen consigo,\na la par que detall\u00f3 que la Defensor\u00eda de los Derechos Humanos de Pueblo de\nOaxaca tiene conocimiento de los hechos y esperan la atenci\u00f3n por parte de los\ndirectivos de los Servicios de Salud. <\/p>\n","protected":false},"excerpt":{"rendered":"<p>Evlin Arag\u00f3n\/Zona Roja. Oaxaca de Ju\u00e1rez, Oax., 17 de junio de 2020.- \u201cAlto a la&hellip;<\/p>\n","protected":false},"author":2,"featured_media":13852,"comment_status":"closed","ping_status":"open","sticky":false,"template":"","format":"standard","meta":{"_lmt_disableupdate":"","_lmt_disable":"","_jetpack_memberships_contains_paid_content":false,"footnotes":""},"categories":[109,47],"tags":[1005],"class_list":["post-13851","post","type-post","status-publish","format-standard","has-post-thumbnail","hentry","category-minuto-a-minuto","category-zona-gris","tag-servicios-de-salud-de-oaxaca-sso"],"jetpack_featured_media_url":"https:\/\/zonaroja.com.mx\/wp-content\/uploads\/2020\/06\/Protesta-Planeaci\u00f3n-SSO.jpg","jetpack_sharing_enabled":true,"_links":{"self":[{"href":"https:\/\/zonaroja.com.mx\/index.php?rest_route=\/wp\/v2\/posts\/13851","targetHints":{"allow":["GET"]}}],"collection":[{"href":"https:\/\/zonaroja.com.mx\/index.php?rest_route=\/wp\/v2\/posts"}],"about":[{"href":"https:\/\/zonaroja.com.mx\/index.php?rest_route=\/wp\/v2\/types\/post"}],"author":[{"embeddable":true,"href":"https:\/\/zonaroja.com.mx\/index.php?rest_route=\/wp\/v2\/users\/2"}],"replies":[{"embeddable":true,"href":"https:\/\/zonaroja.com.mx\/index.php?rest_route=%2Fwp%2Fv2%2Fcomments&post=13851"}],"version-history":[{"count":3,"href":"https:\/\/zonaroja.com.mx\/index.php?rest_route=\/wp\/v2\/posts\/13851\/revisions"}],"predecessor-version":[{"id":13855,"href":"https:\/\/zonaroja.com.mx\/index.php?rest_route=\/wp\/v2\/posts\/13851\/revisions\/13855"}],"wp:featuredmedia":[{"embeddable":true,"href":"https:\/\/zonaroja.com.mx\/index.php?rest_route=\/wp\/v2\/media\/13852"}],"wp:attachment":[{"href":"https:\/\/zonaroja.com.mx\/index.php?rest_route=%2Fwp%2Fv2%2Fmedia&parent=13851"}],"wp:term":[{"taxonomy":"category","embeddable":true,"href":"https:\/\/zonaroja.com.mx\/index.php?rest_route=%2Fwp%2Fv2%2Fcategories&post=13851"},{"taxonomy":"post_tag","embeddable":true,"href":"https:\/\/zonaroja.com.mx\/index.php?rest_route=%2Fwp%2Fv2%2Ftags&post=13851"}],"curies":[{"name":"wp","href":"https:\/\/api.w.org\/{rel}","templated":true}]}}