{"id":13859,"date":"2020-06-17T15:56:14","date_gmt":"2020-06-17T20:56:14","guid":{"rendered":"http:\/\/www.zonaroja.com.mx\/?p=13859"},"modified":"2020-06-17T15:56:16","modified_gmt":"2020-06-17T20:56:16","slug":"ante-impunidad-convocan-a-marcha-por-desaparecidas-de-tuxtepec","status":"publish","type":"post","link":"https:\/\/zonaroja.com.mx\/?p=13859","title":{"rendered":"Ante impunidad, convocan a marcha por desaparecidas de Tuxtepec"},"content":{"rendered":"\n<p>Yuridiana\nSosa\/Zona Roja.<\/p>\n\n\n\n<p>San\nJuan Bautista Tuxtepec, Oax., 17 de junio de 2020.- Frente a la ola de\ndesaparici\u00f3n de ni\u00f1as, adolescentes y mujeres en Tuxtepec, este jueves 18 de\njunio familiares, amigos y activistas feministas marchar\u00e1n para exigir justicia\ny su pronto localizaci\u00f3n.<\/p>\n\n\n\n<p>La\nmovilizaci\u00f3n denominada \u201cMarcha por la justicia de nuestras desaparecidas\u201d es\norganizada por el Colectivo Tuxfem y convoca a la poblaci\u00f3n en general para\nsumarse a la demanda de justicia para las tuxtepecanas que salieron de casa y\nno han vuelto a pesar de la b\u00fasqueda incansable de sus familias por\nlocalizarlas.<\/p>\n\n\n\n<p>En\nun recuento elaborado por ZONA ROJA, con datos de la Unidad de B\u00fasqueda de\nPersonas No Localizadas y Desaparecidas de la Fiscal\u00eda General de Oaxaca, en el\ntranscurso de un a\u00f1o entre junio de 2019 y junio de 2020, se reportaron a 21\nmujeres en la regi\u00f3n de la Cuenca, de las que 11 corresponden a Tuxtepec;\nninguna ha sido localizada.<\/p>\n\n\n\n<p>Los\ncasos m\u00e1s recientes, durante este 2020 son los de Casandra Ram\u00edrez de 23 a\u00f1os\nen mayo, de Itzel Gonz\u00e1lez de 20 a\u00f1os en abril, F\u00e1tima Palacios de 18 en marzo,\nAdriana Ram\u00edrez Mat\u00edas de 38 a\u00f1os el 16 de febrero y Marina del Toro L\u00f3pez, de\n28 a\u00f1os el 5 de enero.<\/p>\n\n\n\n<p>La\ncita es para este jueves 18 de junio a las 10:00 horas, en el monumento a \u201cFlor\nde Pi\u00f1a\u201d en el bulevar Benito Ju\u00e1rez y avenida de 5 de Mayo, en el centro del\nmunicipio de San Juan Bautista Tuxtepec, regi\u00f3n Cuenca del Papaloapan.<\/p>\n","protected":false},"excerpt":{"rendered":"<p>Yuridiana Sosa\/Zona Roja. San Juan Bautista Tuxtepec, Oax., 17 de junio de 2020.- Frente a&hellip;<\/p>\n","protected":false},"author":2,"featured_media":13860,"comment_status":"closed","ping_status":"open","sticky":false,"template":"","format":"standard","meta":{"_lmt_disableupdate":"","_lmt_disable":"","_jetpack_memberships_contains_paid_content":false,"footnotes":""},"categories":[109,47],"tags":[118],"class_list":["post-13859","post","type-post","status-publish","format-standard","has-post-thumbnail","hentry","category-minuto-a-minuto","category-zona-gris","tag-san-juan-bautista-tuxtepec"],"jetpack_featured_media_url":"https:\/\/zonaroja.com.mx\/wp-content\/uploads\/2020\/06\/Convocatoria-marcha.jpg","jetpack_sharing_enabled":true,"_links":{"self":[{"href":"https:\/\/zonaroja.com.mx\/index.php?rest_route=\/wp\/v2\/posts\/13859","targetHints":{"allow":["GET"]}}],"collection":[{"href":"https:\/\/zonaroja.com.mx\/index.php?rest_route=\/wp\/v2\/posts"}],"about":[{"href":"https:\/\/zonaroja.com.mx\/index.php?rest_route=\/wp\/v2\/types\/post"}],"author":[{"embeddable":true,"href":"https:\/\/zonaroja.com.mx\/index.php?rest_route=\/wp\/v2\/users\/2"}],"replies":[{"embeddable":true,"href":"https:\/\/zonaroja.com.mx\/index.php?rest_route=%2Fwp%2Fv2%2Fcomments&post=13859"}],"version-history":[{"count":1,"href":"https:\/\/zonaroja.com.mx\/index.php?rest_route=\/wp\/v2\/posts\/13859\/revisions"}],"predecessor-version":[{"id":13861,"href":"https:\/\/zonaroja.com.mx\/index.php?rest_route=\/wp\/v2\/posts\/13859\/revisions\/13861"}],"wp:featuredmedia":[{"embeddable":true,"href":"https:\/\/zonaroja.com.mx\/index.php?rest_route=\/wp\/v2\/media\/13860"}],"wp:attachment":[{"href":"https:\/\/zonaroja.com.mx\/index.php?rest_route=%2Fwp%2Fv2%2Fmedia&parent=13859"}],"wp:term":[{"taxonomy":"category","embeddable":true,"href":"https:\/\/zonaroja.com.mx\/index.php?rest_route=%2Fwp%2Fv2%2Fcategories&post=13859"},{"taxonomy":"post_tag","embeddable":true,"href":"https:\/\/zonaroja.com.mx\/index.php?rest_route=%2Fwp%2Fv2%2Ftags&post=13859"}],"curies":[{"name":"wp","href":"https:\/\/api.w.org\/{rel}","templated":true}]}}