{"id":13865,"date":"2020-06-17T20:30:16","date_gmt":"2020-06-18T01:30:16","guid":{"rendered":"http:\/\/www.zonaroja.com.mx\/?p=13865"},"modified":"2020-06-17T20:30:18","modified_gmt":"2020-06-18T01:30:18","slug":"personas-con-discapacidad-suplican-por-ayuda-gobiernos-los-abandono","status":"publish","type":"post","link":"https:\/\/zonaroja.com.mx\/?p=13865","title":{"rendered":"Personas con discapacidad suplican por ayuda; gobiernos los abandon\u00f3"},"content":{"rendered":"\n<p>Yuridiana\nSosa\/Zona Roja.<\/p>\n\n\n\n<p>Oaxaca\nde Ju\u00e1rez, Oax., 17 de junio de 2020.- Integrantes de la Asociaci\u00f3n\nDiscapacitados Unidos por una Integraci\u00f3n Social de Oaxaca denunciaron el\nabandono institucional para sus agremiados, quienes en su mayor\u00eda se quedaron\nsin trabajo ante la pandemia de Covid-19.<\/p>\n\n\n\n<p>En\nconferencia de prensa, el dirigente de la asociaci\u00f3n, Godofredo Calixto Sol\u00eds,\nse\u00f1al\u00f3 que en el transcurso de tres meses no han recibido ning\u00fan tipo de apoyo\nque les ayude a subsistir, por lo que comenzar\u00e1n un \u201cplant\u00f3n\u201d frente al templo\nde Santo Domingo en demanda de ayuda alimentaria.<\/p>\n\n\n\n<p>Decenas\nde integrantes de este grupo de personas con discapacidad trabajan en la v\u00eda\np\u00fablica en las principales calles de la capital, pero que dejaron de hacerlo\npor la contingencia, pero la carencia es cada vez menos insostenible.<\/p>\n\n\n\n<p>\u201cAqu\u00ed\nnos vamos a quedar, porque nos va a matar el hambre\u201d, sentenci\u00f3 el representa\nde los afectados, quien desminti\u00f3 a Nancy Ortiz, delegada del Gobierno de\nM\u00e9xico en Oaxaca, pues la funcionaria presumi\u00f3 que todos los discapacitados en\nOaxaca reciben su pensi\u00f3n econ\u00f3mica.<\/p>\n\n\n\n<p>As\u00ed\ntambi\u00e9n se\u00f1al\u00f3 el abandono del gobierno estatal, por parte del Sistema Estatal para\nel Desarrollo Integral de la Familia, con quien recientemente la asociaci\u00f3n\nfirm\u00f3 un convenio para ayuda en despensas.<\/p>\n\n\n\n<p>Calixto\nSol\u00eds demand\u00f3 la ayuda de la poblaci\u00f3n en general, as\u00ed como del presidente\nmunicipal de Oaxaca de Ju\u00e1rez, Oswaldo Garc\u00eda Jarqu\u00edn, quien mantiene una\ncampa\u00f1a de entrega de despensas en las colonias de la capital.<\/p>\n","protected":false},"excerpt":{"rendered":"<p>Yuridiana Sosa\/Zona Roja. Oaxaca de Ju\u00e1rez, Oax., 17 de junio de 2020.- Integrantes de la&hellip;<\/p>\n","protected":false},"author":2,"featured_media":13866,"comment_status":"closed","ping_status":"open","sticky":false,"template":"","format":"standard","meta":{"_lmt_disableupdate":"","_lmt_disable":"","_jetpack_memberships_contains_paid_content":false,"footnotes":""},"categories":[109,47],"tags":[1765],"class_list":["post-13865","post","type-post","status-publish","format-standard","has-post-thumbnail","hentry","category-minuto-a-minuto","category-zona-gris","tag-asociacion-discapacitados-unidos-por-una-integracion-social"],"jetpack_featured_media_url":"https:\/\/zonaroja.com.mx\/wp-content\/uploads\/2020\/06\/Conferencia-discapacitados.jpg","jetpack_sharing_enabled":true,"_links":{"self":[{"href":"https:\/\/zonaroja.com.mx\/index.php?rest_route=\/wp\/v2\/posts\/13865","targetHints":{"allow":["GET"]}}],"collection":[{"href":"https:\/\/zonaroja.com.mx\/index.php?rest_route=\/wp\/v2\/posts"}],"about":[{"href":"https:\/\/zonaroja.com.mx\/index.php?rest_route=\/wp\/v2\/types\/post"}],"author":[{"embeddable":true,"href":"https:\/\/zonaroja.com.mx\/index.php?rest_route=\/wp\/v2\/users\/2"}],"replies":[{"embeddable":true,"href":"https:\/\/zonaroja.com.mx\/index.php?rest_route=%2Fwp%2Fv2%2Fcomments&post=13865"}],"version-history":[{"count":1,"href":"https:\/\/zonaroja.com.mx\/index.php?rest_route=\/wp\/v2\/posts\/13865\/revisions"}],"predecessor-version":[{"id":13867,"href":"https:\/\/zonaroja.com.mx\/index.php?rest_route=\/wp\/v2\/posts\/13865\/revisions\/13867"}],"wp:featuredmedia":[{"embeddable":true,"href":"https:\/\/zonaroja.com.mx\/index.php?rest_route=\/wp\/v2\/media\/13866"}],"wp:attachment":[{"href":"https:\/\/zonaroja.com.mx\/index.php?rest_route=%2Fwp%2Fv2%2Fmedia&parent=13865"}],"wp:term":[{"taxonomy":"category","embeddable":true,"href":"https:\/\/zonaroja.com.mx\/index.php?rest_route=%2Fwp%2Fv2%2Fcategories&post=13865"},{"taxonomy":"post_tag","embeddable":true,"href":"https:\/\/zonaroja.com.mx\/index.php?rest_route=%2Fwp%2Fv2%2Ftags&post=13865"}],"curies":[{"name":"wp","href":"https:\/\/api.w.org\/{rel}","templated":true}]}}