{"id":13868,"date":"2020-06-17T20:41:53","date_gmt":"2020-06-18T01:41:53","guid":{"rendered":"http:\/\/www.zonaroja.com.mx\/?p=13868"},"modified":"2020-06-17T20:41:57","modified_gmt":"2020-06-18T01:41:57","slug":"ambientalistas-denuncian-derribo-ilegal-de-arbol-en-oaxaca-tapaba-anuncio","status":"publish","type":"post","link":"https:\/\/zonaroja.com.mx\/?p=13868","title":{"rendered":"Ambientalistas denuncian derribo ilegal de \u00e1rbol en Oaxaca; tapaba anuncio"},"content":{"rendered":"\n<p>Yuridiana\nSosa\/Zona Roja.<\/p>\n\n\n\n<p>Oaxaca\nde Ju\u00e1rez, Oax., 17 de junio de 2020.- Ambientalistas de la capital de Oaxaca\ndenunciaron el derribo ilegal de un \u00e1rbol, en inmediaciones de la calle de\nManuel Sabino Crespo, supuestamente con el fin de dar visibilidad a un\nespectacular.<\/p>\n\n\n\n<p>Los\ndefensores del medio ambiente indicaron que, presuntamente, el ejemplar cubr\u00eda\nparte de un anuncio del gimnasio Sport Mall, que se ubica dentro de un predio\nen inmediaciones del Cerro del Fort\u00edn.<\/p>\n\n\n\n<p>Esta\nma\u00f1ana, tras el anuncio previo de una conferencia de prensa, una cuadrilla de\ntrabajadores retir\u00f3 en su totalidad el tronco del \u00e1rbol talado y sembr\u00f3 otro.<\/p>\n\n\n\n<p>Los\nambientalistas celebraron la acci\u00f3n, aparentemente del ayuntamiento de la\ncapital, para resarcir el da\u00f1o ocasionado al medio ambiente, por lo que exhort\u00f3\na la poblaci\u00f3n a mantenerse unida para exigir la aplicaci\u00f3n de las leyes ante\nlas irregularidades que se presenten contra la naturaleza.<\/p>\n\n\n\n<p>As\u00ed\ntambi\u00e9n, denunciaron que abril del a\u00f1o pasado, tambi\u00e9n se trozaron tres \u00e1rboles\nfrente a una farmacia de cadena nacional; por fortuna, dijeron, tras las\nlluvias de d\u00edas anteriores se percataron que los ejemplares estaban vivos.<\/p>\n\n\n\n<p>Para\nproteger a los \u00e1rboles da\u00f1os con anterioridad, los ambientalistas planean\ninstalar protecciones para que no vuelvan a da\u00f1arlos.<\/p>\n","protected":false},"excerpt":{"rendered":"<p>Yuridiana Sosa\/Zona Roja. Oaxaca de Ju\u00e1rez, Oax., 17 de junio de 2020.- Ambientalistas de la&hellip;<\/p>\n","protected":false},"author":2,"featured_media":13869,"comment_status":"closed","ping_status":"open","sticky":false,"template":"","format":"standard","meta":{"_lmt_disableupdate":"","_lmt_disable":"","_jetpack_memberships_contains_paid_content":false,"footnotes":""},"categories":[109],"tags":[148],"class_list":["post-13868","post","type-post","status-publish","format-standard","has-post-thumbnail","hentry","category-minuto-a-minuto","tag-oaxaca-de-juarez"],"jetpack_featured_media_url":"https:\/\/zonaroja.com.mx\/wp-content\/uploads\/2020\/06\/Denuncia-ambientalistas.jpg","jetpack_sharing_enabled":true,"_links":{"self":[{"href":"https:\/\/zonaroja.com.mx\/index.php?rest_route=\/wp\/v2\/posts\/13868","targetHints":{"allow":["GET"]}}],"collection":[{"href":"https:\/\/zonaroja.com.mx\/index.php?rest_route=\/wp\/v2\/posts"}],"about":[{"href":"https:\/\/zonaroja.com.mx\/index.php?rest_route=\/wp\/v2\/types\/post"}],"author":[{"embeddable":true,"href":"https:\/\/zonaroja.com.mx\/index.php?rest_route=\/wp\/v2\/users\/2"}],"replies":[{"embeddable":true,"href":"https:\/\/zonaroja.com.mx\/index.php?rest_route=%2Fwp%2Fv2%2Fcomments&post=13868"}],"version-history":[{"count":1,"href":"https:\/\/zonaroja.com.mx\/index.php?rest_route=\/wp\/v2\/posts\/13868\/revisions"}],"predecessor-version":[{"id":13870,"href":"https:\/\/zonaroja.com.mx\/index.php?rest_route=\/wp\/v2\/posts\/13868\/revisions\/13870"}],"wp:featuredmedia":[{"embeddable":true,"href":"https:\/\/zonaroja.com.mx\/index.php?rest_route=\/wp\/v2\/media\/13869"}],"wp:attachment":[{"href":"https:\/\/zonaroja.com.mx\/index.php?rest_route=%2Fwp%2Fv2%2Fmedia&parent=13868"}],"wp:term":[{"taxonomy":"category","embeddable":true,"href":"https:\/\/zonaroja.com.mx\/index.php?rest_route=%2Fwp%2Fv2%2Fcategories&post=13868"},{"taxonomy":"post_tag","embeddable":true,"href":"https:\/\/zonaroja.com.mx\/index.php?rest_route=%2Fwp%2Fv2%2Ftags&post=13868"}],"curies":[{"name":"wp","href":"https:\/\/api.w.org\/{rel}","templated":true}]}}