{"id":13871,"date":"2020-06-17T20:50:07","date_gmt":"2020-06-18T01:50:07","guid":{"rendered":"http:\/\/www.zonaroja.com.mx\/?p=13871"},"modified":"2020-06-17T20:53:34","modified_gmt":"2020-06-18T01:53:34","slug":"legisladoras-piden-que-fgr-atraiga-caso-de-maria-del-sol-y-amenaza-a-consorcio","status":"publish","type":"post","link":"https:\/\/zonaroja.com.mx\/?p=13871","title":{"rendered":"Legisladoras piden que FGR atraiga caso de Mar\u00eda del Sol y amenaza a Consorcio"},"content":{"rendered":"\n<p>Evlin\nArag\u00f3n\/Zona Roja.<\/p>\n\n\n\n<p>Oaxaca de Ju\u00e1rez, Oax., Diputadas integrantes de la Comisi\u00f3n Igualdad de G\u00e9nero del Congreso de la Uni\u00f3n pidieron la intervenci\u00f3n de la Fiscal\u00eda General de la Republica (FGR) en el caso del asesinato de la fotoperiodista Mar\u00eda del Sol Cruz Jarqu\u00edn y la reciente amenaza de muerte en contra de las integrantes de la organizaci\u00f3n social Consorcio para el Di\u00e1logo Parlamentario y la Equidad Oaxaca.<\/p>\n\n\n\n<p>Lo anterior ante la lentitud y la falta de resultados de la investigaci\u00f3n por parte de la Fiscal\u00eda General de Oaxaca que preside Rub\u00e9n Vasconcelos M\u00e9ndez en el caso de la joven asesinada hace m\u00e1s de dos a\u00f1os, y observando la amenaza en contra de la organizaci\u00f3n que acompa\u00f1a el caso.<\/p>\n\n\n\n<p>\u201cEstimamos\npertinente que ambos casos sean atra\u00eddos por la Fiscal\u00eda General de la\nRep\u00fablica, y las investigaciones correspondientes se realicen desde esa\ninstituci\u00f3n federal debido la gravedad de los hechos\u201d, refirieron en un\ncomunicado firmado por las 22 integrantes de la Comisi\u00f3n, presidida por Mar\u00eda\nWendy Brice\u00f1o Zuloaga.<\/p>\n\n\n\n<p>Expusieron\nque la petici\u00f3n ya la han realizado con anterioridad, pero dado los hechos\nrecientes se vuelva una urgencia.<\/p>\n\n\n\n<p>As\u00ed\nmismo dieron a conocer que recientemente se entrevistaron con el fiscal de\nOaxaca, Rub\u00e9n Vasconcelos, a quien se le pidi\u00f3 que brindara informaci\u00f3n del\navance en el caso de Mar\u00eda del Sol, entre otros casos de violencia de g\u00e9nero en\nla entidad, de los cuales el funcionario se comprometi\u00f3 a dar seguimiento, cosa\nque ha no sucedi\u00f3 pese al punto de acuerdo que desde el 2018 se subi\u00f3 al pleno\nsolicitando agotar las investigaciones para detener y procesar a las personas\nresponsables del homicidio de la fotoperiodista.<\/p>\n\n\n\n<p>Por\nlo anterior, se declararon vigilantes de que se garantice el acceso a la\njusticia a la par que reprobaron en\u00e9rgicamente la amenaza en contra de Soledad\nJarqu\u00edn Edgar y de mujeres defensoras de derechos humanos que han desempe\u00f1ado\nuna valiente labor en la exigencia de justicia.<\/p>\n\n\n\n<p>M\u00c1S\nAPOYOS<\/p>\n\n\n\n<p>A\nla demanda de garant\u00edas de seguridad para todas las integrantes de Consorcio\nOaxaca se unieron organizaciones como el Frente de Resistencia Ind\u00edgena\nJuxtlahuaca, el Colectivo Aut\u00f3nomo de Resistencia Civil \u201cDavid Ruiz Garc\u00eda\u201d,\nComerciante Unificados del Bosque y Antropolog\u00eda \u201cCuba, A.C.\u201d, Resistencia\nCivil Nuevo Laredo, M\u00e9xico Frente al Cambio, entre mucha m\u00e1s.<\/p>\n\n\n\n<p>\u201cExpresamos\nnuestra m\u00e1s estrecha solidaridad con las compa\u00f1eras, les expresamos que no\nest\u00e1n solas en su lucha por los derechos humanos y demandamos al gobierno\nfederal y a la CNDH que tome en sus manos la responsabilidad de investigar y\nproteger a las integrantes de Consorcio Oaxaca\u201d, manifestaron en un comunicado\nde prensa.<\/p>\n\n\n\n<p>As\u00ed\nmismo exigieron el cese al hostigamiento de quienes defienden a las y los\ndefensores de derechos humanos y que se haga una investigaci\u00f3n exhaustiva para\ndar con los responsables de los hechos.<\/p>\n","protected":false},"excerpt":{"rendered":"<p>Evlin Arag\u00f3n\/Zona Roja. Oaxaca de Ju\u00e1rez, Oax., Diputadas integrantes de la Comisi\u00f3n Igualdad de G\u00e9nero&hellip;<\/p>\n","protected":false},"author":2,"featured_media":13872,"comment_status":"closed","ping_status":"open","sticky":false,"template":"","format":"standard","meta":{"_lmt_disableupdate":"","_lmt_disable":"","_jetpack_memberships_contains_paid_content":false,"footnotes":""},"categories":[109,47],"tags":[1093,1105],"class_list":["post-13871","post","type-post","status-publish","format-standard","has-post-thumbnail","hentry","category-minuto-a-minuto","category-zona-gris","tag-consorcio-para-el-dialogo-oaxaca","tag-soledad-jarquin-edgar"],"jetpack_featured_media_url":"https:\/\/zonaroja.com.mx\/wp-content\/uploads\/2020\/06\/Comisi\u00f3n-G\u00e9nero.jpg","jetpack_sharing_enabled":true,"_links":{"self":[{"href":"https:\/\/zonaroja.com.mx\/index.php?rest_route=\/wp\/v2\/posts\/13871","targetHints":{"allow":["GET"]}}],"collection":[{"href":"https:\/\/zonaroja.com.mx\/index.php?rest_route=\/wp\/v2\/posts"}],"about":[{"href":"https:\/\/zonaroja.com.mx\/index.php?rest_route=\/wp\/v2\/types\/post"}],"author":[{"embeddable":true,"href":"https:\/\/zonaroja.com.mx\/index.php?rest_route=\/wp\/v2\/users\/2"}],"replies":[{"embeddable":true,"href":"https:\/\/zonaroja.com.mx\/index.php?rest_route=%2Fwp%2Fv2%2Fcomments&post=13871"}],"version-history":[{"count":2,"href":"https:\/\/zonaroja.com.mx\/index.php?rest_route=\/wp\/v2\/posts\/13871\/revisions"}],"predecessor-version":[{"id":13874,"href":"https:\/\/zonaroja.com.mx\/index.php?rest_route=\/wp\/v2\/posts\/13871\/revisions\/13874"}],"wp:featuredmedia":[{"embeddable":true,"href":"https:\/\/zonaroja.com.mx\/index.php?rest_route=\/wp\/v2\/media\/13872"}],"wp:attachment":[{"href":"https:\/\/zonaroja.com.mx\/index.php?rest_route=%2Fwp%2Fv2%2Fmedia&parent=13871"}],"wp:term":[{"taxonomy":"category","embeddable":true,"href":"https:\/\/zonaroja.com.mx\/index.php?rest_route=%2Fwp%2Fv2%2Fcategories&post=13871"},{"taxonomy":"post_tag","embeddable":true,"href":"https:\/\/zonaroja.com.mx\/index.php?rest_route=%2Fwp%2Fv2%2Ftags&post=13871"}],"curies":[{"name":"wp","href":"https:\/\/api.w.org\/{rel}","templated":true}]}}