{"id":13875,"date":"2020-06-17T21:07:44","date_gmt":"2020-06-18T02:07:44","guid":{"rendered":"http:\/\/www.zonaroja.com.mx\/?p=13875"},"modified":"2020-06-17T21:07:47","modified_gmt":"2020-06-18T02:07:47","slug":"refuerza-poder-judicial-medidas-sanitarias-en-sedes-jurisdiccionales","status":"publish","type":"post","link":"https:\/\/zonaroja.com.mx\/?p=13875","title":{"rendered":"Refuerza Poder Judicial medidas sanitarias en sedes jurisdiccionales"},"content":{"rendered":"\n<p>Redacci\u00f3n\/Zona\nRoja.<\/p>\n\n\n\n<p>Oaxaca\nde Ju\u00e1rez, Oax., 17 de junio de 2020.- A fin de evitar la propagaci\u00f3n del virus\nSARS-CoV2, los plenos del Tribunal Superior de Justicia y Consejo de la\nJudicatura, convocaron a las y los operadores jur\u00eddicos, abogadas y abogados\nlitigantes, personas justiciables y sociedad en general que acude a las\ninstalaciones para realizar tr\u00e1mites legales y\/o administrativos, a seguir las\nmedidas establecidas en el Protocolo para la Prevenci\u00f3n de Contagios por\nCOVID-19 de las Personas Servidoras P\u00fablicas del Poder Judicial del Estado de\nOaxaca, durante su ingreso y permanencia en los edificios.<\/p>\n\n\n\n<p>Para\nello, se estableci\u00f3 un filtro de supervisi\u00f3n, con el objetivo de garantizar que\nquienes ingresen a los inmuebles no representen un potencial riesgo de contagio\npara el resto de las personas presentes en los mismos.<\/p>\n\n\n\n<p>El\ncual consiste la limpieza del calzado sobre un tapete sanitizante, toma de\ntemperatura corporal con term\u00f3metro digital, cuidando que no exceda de 37.5\ngrados cent\u00edgrados, ya que de lo contrario, deber\u00e1 negarse su ingreso,\ninvit\u00e1ndole a que acuda a valoraci\u00f3n m\u00e9dica.<\/p>\n\n\n\n<p>En\ncaso de no presentar fiebre, tos, dolor de garganta, dolor de cabeza, dolor de\ncuerpo o articulaciones y malestar general, falta de aire o escurrimiento\nnasal, se desinfectar\u00e1 las manos con alcohol en gel, siguiendo las indicaciones\ndel personal responsable de dicho filtro.<\/p>\n\n\n\n<p>Asimismo,\nse solicita a la persona que desee ingresar al inmueble, se retire el cubrebocas\nque porta, tir\u00e1ndolo de ambas cintas simult\u00e1neamente para depositarlo en el\ncontenedor de basura que se colocar\u00e1 a la entrada del inmueble, en caso de ser\ndesechable.<\/p>\n\n\n\n<p>De\nlo contrario, se le proporcionar\u00e1 una bolsa peque\u00f1a de pl\u00e1stico para guardarlo,\nel cual deber\u00e1 dejar depositado en el filtro, siendo entregado a su salida. A\nsu vez, se le proporcionar\u00e1 un cubre bocas nuevo desechable y guantes\ndesechables para su estancia en el edificio.<\/p>\n\n\n\n<p>El\nn\u00famero de personas que podr\u00e1n ingresar de forma simult\u00e1nea ser\u00e1 determinado por\nla o el titular del \u00e1rea, tomando en cuenta el espacio f\u00edsico con el que cuenta\nel inmueble.<\/p>\n\n\n\n<p>Adem\u00e1s,\nel tiempo permitido de permanencia al interior de los edificios, es en funci\u00f3n\ndel tr\u00e1mite a realizar, establecido previamente la o el servidor judicial\nresponsable, evitando en todo momento permanecer sin actividad dentro del\nespacio de trabajo.<\/p>\n\n\n\n<p>Se\ndeber\u00e1 privilegiar que la persona que ingrese al inmueble, se abstenga de ir\nacompa\u00f1ado de menores de edad, por lo que, el acceso a ni\u00f1os, ni\u00f1as y\nadolescentes, ser\u00e1 \u00fanicamente por raz\u00f3n estrictamente necesaria en alguna\nactuaci\u00f3n judicial, debiendo priorizar su intervenci\u00f3n, para el abandono\ninmediato del recinto judicial. <\/p>\n\n\n\n<p>Por\nello, deber\u00e1 asistir alg\u00fan familiar o persona de confianza de \u00e9stos, para\nacompa\u00f1arles a sus respectivos domicilios y as\u00ed continuar la diligencia sin su\npresencia.<\/p>\n\n\n\n<p>El\nProtocolo establece, adem\u00e1s, medidas preventivas de equipamiento e higiene que\ndeber\u00e1n observar las personas servidoras p\u00fablicas del Poder Judicial del Estado\nde Oaxaca en el ejercicio de sus funciones, con la finalidad de preservar su\nsalud y la del p\u00fablico que acude a las instalaciones de las diferentes \u00e1reas o\nsedes del Poder Judicial, ante la emergencia sanitaria derivada del virus\nSARS-CoV2 (COVID-19).<\/p>\n","protected":false},"excerpt":{"rendered":"<p>Redacci\u00f3n\/Zona Roja. Oaxaca de Ju\u00e1rez, Oax., 17 de junio de 2020.- A fin de evitar&hellip;<\/p>\n","protected":false},"author":2,"featured_media":13876,"comment_status":"closed","ping_status":"open","sticky":false,"template":"","format":"standard","meta":{"_lmt_disableupdate":"","_lmt_disable":"","_jetpack_memberships_contains_paid_content":false,"footnotes":""},"categories":[109,46],"tags":[223],"class_list":["post-13875","post","type-post","status-publish","format-standard","has-post-thumbnail","hentry","category-minuto-a-minuto","category-zona-blanca","tag-poder-judicial-de-oaxaca"],"jetpack_featured_media_url":"https:\/\/zonaroja.com.mx\/wp-content\/uploads\/2020\/06\/filtroCiudad-Judicial.jpg","jetpack_sharing_enabled":true,"_links":{"self":[{"href":"https:\/\/zonaroja.com.mx\/index.php?rest_route=\/wp\/v2\/posts\/13875","targetHints":{"allow":["GET"]}}],"collection":[{"href":"https:\/\/zonaroja.com.mx\/index.php?rest_route=\/wp\/v2\/posts"}],"about":[{"href":"https:\/\/zonaroja.com.mx\/index.php?rest_route=\/wp\/v2\/types\/post"}],"author":[{"embeddable":true,"href":"https:\/\/zonaroja.com.mx\/index.php?rest_route=\/wp\/v2\/users\/2"}],"replies":[{"embeddable":true,"href":"https:\/\/zonaroja.com.mx\/index.php?rest_route=%2Fwp%2Fv2%2Fcomments&post=13875"}],"version-history":[{"count":1,"href":"https:\/\/zonaroja.com.mx\/index.php?rest_route=\/wp\/v2\/posts\/13875\/revisions"}],"predecessor-version":[{"id":13877,"href":"https:\/\/zonaroja.com.mx\/index.php?rest_route=\/wp\/v2\/posts\/13875\/revisions\/13877"}],"wp:featuredmedia":[{"embeddable":true,"href":"https:\/\/zonaroja.com.mx\/index.php?rest_route=\/wp\/v2\/media\/13876"}],"wp:attachment":[{"href":"https:\/\/zonaroja.com.mx\/index.php?rest_route=%2Fwp%2Fv2%2Fmedia&parent=13875"}],"wp:term":[{"taxonomy":"category","embeddable":true,"href":"https:\/\/zonaroja.com.mx\/index.php?rest_route=%2Fwp%2Fv2%2Fcategories&post=13875"},{"taxonomy":"post_tag","embeddable":true,"href":"https:\/\/zonaroja.com.mx\/index.php?rest_route=%2Fwp%2Fv2%2Ftags&post=13875"}],"curies":[{"name":"wp","href":"https:\/\/api.w.org\/{rel}","templated":true}]}}