{"id":13878,"date":"2020-06-17T22:34:37","date_gmt":"2020-06-18T03:34:37","guid":{"rendered":"http:\/\/www.zonaroja.com.mx\/?p=13878"},"modified":"2020-06-17T22:34:57","modified_gmt":"2020-06-18T03:34:57","slug":"en-24-horas-tres-muertos-en-la-capital-de-oaxaca-otro-asesinado-en-putla","status":"publish","type":"post","link":"https:\/\/zonaroja.com.mx\/?p=13878","title":{"rendered":"En 24 horas tres muertos en la capital de Oaxaca; otro asesinado en Putla"},"content":{"rendered":"\n<p>Ismael\nGarc\u00eda M.\/Zona Roja.<\/p>\n\n\n\n<p>Oaxaca\nde Ju\u00e1rez, Oax., 17 de junio de 2020.- Dos personas del sexo masculino perdieron\nla vida en 24 horas y otra m\u00e1s fue localizada en estado de putrefacci\u00f3n en la\ncapital de Oaxaca, sin que ninguna autoridad informe el motivo de los decesos.<\/p>\n\n\n\n<p>Ayer\npor la tarde se report\u00f3 el fallecimiento de un joven, en inmediaciones de la\nCentral de Abasto; la polic\u00eda municipal acudi\u00f3 a acordonar la zona pero despu\u00e9s\nse retir\u00f3. <\/p>\n\n\n\n<p>Fue\nhasta la madrugada en que personal de la Fiscal\u00eda General del Estado de Oaxaca\nacudi\u00f3 a levantar el cuerpo, en calidad de desconocido, y lo traslad\u00f3 al\nInstituto de Servicios Periciales.<\/p>\n\n\n\n<p>En\nlas primeras horas de este mi\u00e9rcoles, sobre el Perif\u00e9rico casi crucero con la\navenida Central, fue hallado en el interior de una camioneta, el cuerpo de un\nvar\u00f3n.<\/p>\n\n\n\n<p>En\neste caso la Fiscal\u00eda envi\u00f3 sin muchos retrasos a su personal e inici\u00f3 las\nindagatorias; sin embargo, no se ha logrado establecer el motivo del fallecimiento\ny s\u00f3lo existen versiones populares del caso.<\/p>\n\n\n\n<p>Por la tarde, en  un inmueble abandonado cerca de las riberas del r\u00edo \u201cAtoyac\u201d, en jurisdicci\u00f3n de la agencia de San Mart\u00edn Mexic\u00e1pam, fue hallado el cuerpo en estado de putrefacci\u00f3n de otra persona; \u00e9ste tambi\u00e9n fue levantado de inmediato por elementos de la Agencia Estatal de Investigaciones y se desconocen fecha y causas de la muerte.<\/p>\n\n\n\n<figure class=\"wp-block-image\"><img decoding=\"async\" width=\"640\" height=\"384\" src=\"http:\/\/www.zonaroja.com.mx\/wp-content\/uploads\/2020\/06\/Muerto-Putla.png\" alt=\"\" class=\"wp-image-13880\" srcset=\"https:\/\/zonaroja.com.mx\/wp-content\/uploads\/2020\/06\/Muerto-Putla.png 640w, https:\/\/zonaroja.com.mx\/wp-content\/uploads\/2020\/06\/Muerto-Putla-300x180.png 300w, https:\/\/zonaroja.com.mx\/wp-content\/uploads\/2020\/06\/Muerto-Putla-585x351.png 585w\" sizes=\"(max-width: 640px) 100vw, 640px\" \/><\/figure>\n\n\n\n<p>M\u00c1S VIOLENCIA<\/p>\n\n\n\n<p>Por otra parte, en Putla Villa de Guerrero, un hombre fue baleado por sujetos desconocidos, tras lo cual fue trasladado a un hospital, donde perdi\u00f3 la vida; fue identificado como Isa\u00edas V. L.,  los hechos ocurrieron aproximadamente a las 03:00 horas en la calle M\u00e9xico de dicho municipio.<\/p>\n\n\n\n<p>En tanto, otro ataque armado se registr\u00f3 hoy en la tarde en Pinotepa Nacional, donde result\u00f3 lesionado un individuo en la calle 20 de Noviembre; fue trasladado a un hospital, donde se reporta delicado de salud.<\/p>\n\n\n\n<p>En San Juan Bautista Tuxtepec, sujetos desconocidos incendiaron una camioneta y dispararon sus armas de fuego al aire, en un domicilio particular de la colonia Lorena; no se reportan personas lesionadas o sin vida sino \u00fanicamente da\u00f1os materiales.<\/p>\n","protected":false},"excerpt":{"rendered":"<p>Ismael Garc\u00eda M.\/Zona Roja. Oaxaca de Ju\u00e1rez, Oax., 17 de junio de 2020.- Dos personas&hellip;<\/p>\n","protected":false},"author":2,"featured_media":13879,"comment_status":"closed","ping_status":"open","sticky":false,"template":"","format":"standard","meta":{"_lmt_disableupdate":"","_lmt_disable":"","_jetpack_memberships_contains_paid_content":false,"footnotes":""},"categories":[109,51],"tags":[969],"class_list":["post-13878","post","type-post","status-publish","format-standard","has-post-thumbnail","hentry","category-minuto-a-minuto","category-zona-roja","tag-putla-villa-de-guerrero"],"jetpack_featured_media_url":"https:\/\/zonaroja.com.mx\/wp-content\/uploads\/2020\/06\/Putrefacto-Oaxaca-capital.jpg","jetpack_sharing_enabled":true,"_links":{"self":[{"href":"https:\/\/zonaroja.com.mx\/index.php?rest_route=\/wp\/v2\/posts\/13878","targetHints":{"allow":["GET"]}}],"collection":[{"href":"https:\/\/zonaroja.com.mx\/index.php?rest_route=\/wp\/v2\/posts"}],"about":[{"href":"https:\/\/zonaroja.com.mx\/index.php?rest_route=\/wp\/v2\/types\/post"}],"author":[{"embeddable":true,"href":"https:\/\/zonaroja.com.mx\/index.php?rest_route=\/wp\/v2\/users\/2"}],"replies":[{"embeddable":true,"href":"https:\/\/zonaroja.com.mx\/index.php?rest_route=%2Fwp%2Fv2%2Fcomments&post=13878"}],"version-history":[{"count":2,"href":"https:\/\/zonaroja.com.mx\/index.php?rest_route=\/wp\/v2\/posts\/13878\/revisions"}],"predecessor-version":[{"id":13882,"href":"https:\/\/zonaroja.com.mx\/index.php?rest_route=\/wp\/v2\/posts\/13878\/revisions\/13882"}],"wp:featuredmedia":[{"embeddable":true,"href":"https:\/\/zonaroja.com.mx\/index.php?rest_route=\/wp\/v2\/media\/13879"}],"wp:attachment":[{"href":"https:\/\/zonaroja.com.mx\/index.php?rest_route=%2Fwp%2Fv2%2Fmedia&parent=13878"}],"wp:term":[{"taxonomy":"category","embeddable":true,"href":"https:\/\/zonaroja.com.mx\/index.php?rest_route=%2Fwp%2Fv2%2Fcategories&post=13878"},{"taxonomy":"post_tag","embeddable":true,"href":"https:\/\/zonaroja.com.mx\/index.php?rest_route=%2Fwp%2Fv2%2Ftags&post=13878"}],"curies":[{"name":"wp","href":"https:\/\/api.w.org\/{rel}","templated":true}]}}