{"id":13886,"date":"2020-06-18T07:27:26","date_gmt":"2020-06-18T12:27:26","guid":{"rendered":"http:\/\/www.zonaroja.com.mx\/?p=13886"},"modified":"2020-06-18T07:27:30","modified_gmt":"2020-06-18T12:27:30","slug":"vinculan-a-proceso-a-policia-acusado-de-asesinar-a-alexander","status":"publish","type":"post","link":"https:\/\/zonaroja.com.mx\/?p=13886","title":{"rendered":"Vinculan a proceso a polic\u00eda acusado de asesinar a Alexander"},"content":{"rendered":"\n<p>Redacci\u00f3n\/Zona\nRoja.<\/p>\n\n\n\n<p>Oaxaca\nde Ju\u00e1rez, Oax., 18 de junio de 2020.- Un juez del Juzgado de Control del Poder\nJudicial de Oaxaca, con sede en San Juan Bautista Tuxtepec, dict\u00f3 auto de\nvinculaci\u00f3n a proceso al polic\u00eda municipal de Acatl\u00e1n de P\u00e9rez Figueroa, S. R.\nR., acusado de asesinar al adolescente Alexander G. M.<\/p>\n\n\n\n<p>En\nun comunicado, la Fiscal\u00eda General del Estado inform\u00f3 que la \u201cextenuante\u201d\naudiencia dur\u00f3 casi 12 horas y tras los datos aportados, el juez consider\u00f3\nsuficientes las pruebas y adem\u00e1s dict\u00f3 prisi\u00f3n preventiva al probable homicida,\npor los hechos ocurridos la noche del 9 de junio en Vicente Camalote, Acatl\u00e1n.<\/p>\n\n\n\n<p>De\nacuerdo con la carpeta de investigaci\u00f3n 18130\/FCUEACATL\u00c1N\/2020, el 9 de junio\nde 2020, alrededor de las 22:30 horas, el adolescente circulaba a bordo de una\nmotocicleta marca Vento color roja en compa\u00f1\u00eda de otros j\u00f3venes sobre la\ncarretera El Amate-Acatl\u00e1n de P\u00e9rez Figueroa, en el tramo carretero Vicente\nCamalote \u2013a la altura del crucero \u201cLa Cruz\u201d- cuando la patrulla 023 de la\npolic\u00eda municipal de Acatl\u00e1n de P\u00e9rez Figueroa, que ven\u00eda en sentido contrario\ncon las luces apagadas, les cerr\u00f3 el paso abruptamente.<\/p>\n\n\n\n<p>\u201cPosteriormente,\nde la cabina trasera de la patrulla descendi\u00f3 el polic\u00eda municipal S. R. R.,\nquien portaba una escopeta y realiz\u00f3 un disparo contra el adolescente,\npriv\u00e1ndolo de la vida, siendo la causa de la muerte laceraci\u00f3n encef\u00e1lica\nproducida por proyectil de arma de fuego de componentes m\u00faltiples\u201d.<\/p>\n\n\n\n<p>Expuso\nque \u201ctras ser aprehendido\u201d y llevado a audiencia, despu\u00e9s que la Fiscal\u00eda\nGeneral aportara los datos de prueba suficientes, el Juez de Control de\nTuxtepec determin\u00f3 vincular a proceso a S. R. R., imponi\u00e9ndole la medida cautelar\nde prisi\u00f3n preventiva oficiosa y otorgando dos meses para el cierre de\ninvestigaci\u00f3n complementaria. <\/p>\n","protected":false},"excerpt":{"rendered":"<p>Redacci\u00f3n\/Zona Roja. Oaxaca de Ju\u00e1rez, Oax., 18 de junio de 2020.- Un juez del Juzgado&hellip;<\/p>\n","protected":false},"author":2,"featured_media":13645,"comment_status":"closed","ping_status":"open","sticky":false,"template":"","format":"standard","meta":{"_lmt_disableupdate":"","_lmt_disable":"","_jetpack_memberships_contains_paid_content":false,"footnotes":""},"categories":[109,47],"tags":[187,1749],"class_list":["post-13886","post","type-post","status-publish","format-standard","has-post-thumbnail","hentry","category-minuto-a-minuto","category-zona-gris","tag-acatlan-de-perez-figueroa","tag-alexander-g-m"],"jetpack_featured_media_url":"https:\/\/zonaroja.com.mx\/wp-content\/uploads\/2020\/06\/Sepelio-Alexander-1.jpg","jetpack_sharing_enabled":true,"_links":{"self":[{"href":"https:\/\/zonaroja.com.mx\/index.php?rest_route=\/wp\/v2\/posts\/13886","targetHints":{"allow":["GET"]}}],"collection":[{"href":"https:\/\/zonaroja.com.mx\/index.php?rest_route=\/wp\/v2\/posts"}],"about":[{"href":"https:\/\/zonaroja.com.mx\/index.php?rest_route=\/wp\/v2\/types\/post"}],"author":[{"embeddable":true,"href":"https:\/\/zonaroja.com.mx\/index.php?rest_route=\/wp\/v2\/users\/2"}],"replies":[{"embeddable":true,"href":"https:\/\/zonaroja.com.mx\/index.php?rest_route=%2Fwp%2Fv2%2Fcomments&post=13886"}],"version-history":[{"count":1,"href":"https:\/\/zonaroja.com.mx\/index.php?rest_route=\/wp\/v2\/posts\/13886\/revisions"}],"predecessor-version":[{"id":13887,"href":"https:\/\/zonaroja.com.mx\/index.php?rest_route=\/wp\/v2\/posts\/13886\/revisions\/13887"}],"wp:featuredmedia":[{"embeddable":true,"href":"https:\/\/zonaroja.com.mx\/index.php?rest_route=\/wp\/v2\/media\/13645"}],"wp:attachment":[{"href":"https:\/\/zonaroja.com.mx\/index.php?rest_route=%2Fwp%2Fv2%2Fmedia&parent=13886"}],"wp:term":[{"taxonomy":"category","embeddable":true,"href":"https:\/\/zonaroja.com.mx\/index.php?rest_route=%2Fwp%2Fv2%2Fcategories&post=13886"},{"taxonomy":"post_tag","embeddable":true,"href":"https:\/\/zonaroja.com.mx\/index.php?rest_route=%2Fwp%2Fv2%2Ftags&post=13886"}],"curies":[{"name":"wp","href":"https:\/\/api.w.org\/{rel}","templated":true}]}}