{"id":13888,"date":"2020-06-18T08:00:16","date_gmt":"2020-06-18T13:00:16","guid":{"rendered":"http:\/\/www.zonaroja.com.mx\/?p=13888"},"modified":"2020-06-18T09:52:33","modified_gmt":"2020-06-18T14:52:33","slug":"estable-salud-de-periodista-y-funcionario-baleado-en-matias-romero","status":"publish","type":"post","link":"https:\/\/zonaroja.com.mx\/?p=13888","title":{"rendered":"Estable, salud de periodista y funcionario baleado en Mat\u00edas Romero"},"content":{"rendered":"\n<p>Redacci\u00f3n\/Zona\nRoja.<\/p>\n\n\n\n<p>Oaxaca\nde Ju\u00e1rez, Oax., 18 de junio de 2020.- Carlos S\u00e1nchez Llanes, periodista y\nresponsable del \u00e1rea de comunicaci\u00f3n social del ayuntamiento de Mat\u00edas Romero\nAvenda\u00f1o, Oaxaca, convalece en una cl\u00ednica de dicho municipio, tras ser baleado\nanoche, y su estado de salud es estable.<\/p>\n\n\n\n<p>De\nacuerdo con reportes oficiales, el comunicador fue agredido alrededor de las\n21:00 horas a unos metros de su domicilio, en la calle Guerrero esquina Allende\ndel Barrio Ju\u00e1rez del municipio ubicado en la zona norte del Istmo de\nTehuantepec.<\/p>\n\n\n\n<p>Sujetos hasta ahora no desconocidos le dispararon y le lesionaron una pierna, mientras que en un brazo recibi\u00f3 un roz\u00f3n; tras ello fue auxiliado por personal param\u00e9dico del ayuntamiento y trasladado a una cl\u00ednica privada.<\/p>\n\n\n\n<p>Fuentes ministeriales revelaron que indagan participaci\u00f3n en o con grupos de la delincuencia organizada, pues S\u00e1nchez Llanes ha sido amenazado en diversas ocasiones.<\/p>\n\n\n\n<p>El 5 de junio del 2019, fue presuntamente \u00ablevantado\u00bb por un grupo armado con las siglas CDS, cuando arribaba al palacio municipal &#8211;donde labora&#8211; a bordo de su motocicleta y los sujetos se lo llevaron a bordo de un auto tipo Bora, marca Volkswagen; horas despu\u00e9s el comunicador inform\u00f3 que se encontraba bien de salud.<\/p>\n\n\n\n<p>IDENTIFICAN A MUERTO<\/p>\n\n\n\n<p>Por\notra parte, como \u00c1ngel A. M., de 43 a\u00f1os de edad y de profesi\u00f3n contador, fue\nidentificada la persona hallada muerta ayer en el interior de un veh\u00edculo, en\nel Perif\u00e9rico casi esquina avenida Central de la ciudad de Oaxaca.<\/p>\n\n\n\n<p>Inicialmente\nsu acompa\u00f1ante, identificada como Merani L., de 34 a\u00f1os y de origen franc\u00e9s,\ndijo que en un intento de asalto, tras salir en la madrugada de una tienda Oxxo\nde la calzada Madero, lo habr\u00eda asesinato con algo que le puso en la boca.<\/p>\n\n\n\n<p>Ella\ncondujo hacia el Perif\u00e9rico pero a la altura de la Central de Abasto se qued\u00f3\ndormida al volante de la camioneta marca Honda con placas de circulaci\u00f3n\nGX-5380 del Estado de Guerrero, donde fue hallada alrededor de las ocho de la\nma\u00f1ana.<\/p>\n\n\n\n<p>Finalmente,\nde acuerdo con los peritajes preliminares, el hombre falleci\u00f3 por un ataque al\nmiocardio, tras haber ingerido alcohol en exceso y presumiblemente alguna\nsustancia t\u00f3xica.<\/p>\n\n\n\n<p>Fue\nidentificado por sus familiares y entre las pertenencias del hoy occiso se\nhall\u00f3 el nombre y n\u00famero de celular de su familiar, al parecer su esposa, Juana\nM.; ten\u00eda su domicilio en Tlalixtac de Cabrera y era originario de San Pedro\nPochutla.<\/p>\n\n\n\n<p>FUE\nHOMICIDIO<\/p>\n\n\n\n<p>Mientras\ntanto, de acuerdo con los primeros peritajes oficiales, se dio a conocer que la\npersona muerta y hallada ayer en estado de putrefacci\u00f3n en un predio bald\u00edo\ncerca de las riberas del r\u00edo \u201cAtoyac\u201d, jurisdicci\u00f3n de San Mart\u00edn Mexic\u00e1pam,\npodr\u00eda haber sido asesinada, pues presentaba varias pu\u00f1aladas en el cuerpo.<\/p>\n\n\n\n<p>Los\nrestos ya eran devorados por unos perros, por lo que fueron levantados de\ninmediato por personal de la Agencia Estatal de Investigaciones, para iniciar\nlos peritajes correspondientes y lograr la identificaci\u00f3n. Adem\u00e1s, se inici\u00f3 el\nacta penal 18881\/2020 por el delito de homicidio.<\/p>\n","protected":false},"excerpt":{"rendered":"<p>Redacci\u00f3n\/Zona Roja. Oaxaca de Ju\u00e1rez, Oax., 18 de junio de 2020.- Carlos S\u00e1nchez Llanes, periodista&hellip;<\/p>\n","protected":false},"author":2,"featured_media":13889,"comment_status":"closed","ping_status":"open","sticky":false,"template":"","format":"standard","meta":{"_lmt_disableupdate":"","_lmt_disable":"","_jetpack_memberships_contains_paid_content":false,"footnotes":""},"categories":[109,51],"tags":[1766,228],"class_list":["post-13888","post","type-post","status-publish","format-standard","has-post-thumbnail","hentry","category-minuto-a-minuto","category-zona-roja","tag-carlos-sanchez-llanes","tag-matias-romero-avendano"],"jetpack_featured_media_url":"https:\/\/zonaroja.com.mx\/wp-content\/uploads\/2020\/06\/Carlos-S\u00e1nchez-Llanes.jpg","jetpack_sharing_enabled":true,"_links":{"self":[{"href":"https:\/\/zonaroja.com.mx\/index.php?rest_route=\/wp\/v2\/posts\/13888","targetHints":{"allow":["GET"]}}],"collection":[{"href":"https:\/\/zonaroja.com.mx\/index.php?rest_route=\/wp\/v2\/posts"}],"about":[{"href":"https:\/\/zonaroja.com.mx\/index.php?rest_route=\/wp\/v2\/types\/post"}],"author":[{"embeddable":true,"href":"https:\/\/zonaroja.com.mx\/index.php?rest_route=\/wp\/v2\/users\/2"}],"replies":[{"embeddable":true,"href":"https:\/\/zonaroja.com.mx\/index.php?rest_route=%2Fwp%2Fv2%2Fcomments&post=13888"}],"version-history":[{"count":2,"href":"https:\/\/zonaroja.com.mx\/index.php?rest_route=\/wp\/v2\/posts\/13888\/revisions"}],"predecessor-version":[{"id":13894,"href":"https:\/\/zonaroja.com.mx\/index.php?rest_route=\/wp\/v2\/posts\/13888\/revisions\/13894"}],"wp:featuredmedia":[{"embeddable":true,"href":"https:\/\/zonaroja.com.mx\/index.php?rest_route=\/wp\/v2\/media\/13889"}],"wp:attachment":[{"href":"https:\/\/zonaroja.com.mx\/index.php?rest_route=%2Fwp%2Fv2%2Fmedia&parent=13888"}],"wp:term":[{"taxonomy":"category","embeddable":true,"href":"https:\/\/zonaroja.com.mx\/index.php?rest_route=%2Fwp%2Fv2%2Fcategories&post=13888"},{"taxonomy":"post_tag","embeddable":true,"href":"https:\/\/zonaroja.com.mx\/index.php?rest_route=%2Fwp%2Fv2%2Ftags&post=13888"}],"curies":[{"name":"wp","href":"https:\/\/api.w.org\/{rel}","templated":true}]}}