{"id":13891,"date":"2020-06-18T08:15:02","date_gmt":"2020-06-18T13:15:02","guid":{"rendered":"http:\/\/www.zonaroja.com.mx\/?p=13891"},"modified":"2020-06-18T08:15:05","modified_gmt":"2020-06-18T13:15:05","slug":"inician-pago-de-incidencias-administrativas-a-875-agremiados-a-la-s-22","status":"publish","type":"post","link":"https:\/\/zonaroja.com.mx\/?p=13891","title":{"rendered":"Inician pago de incidencias administrativas a 875 agremiados a la S-22"},"content":{"rendered":"\n<p>Redacci\u00f3n\/Zona\nRoja.<\/p>\n\n\n\n<p>Oaxaca\nde Ju\u00e1rez, Oax. 18 de junio de 2020.- Tras diversas protestas, desde este\nmi\u00e9rcoles empezaron a recibir sus pagos 875 agremiados a la Secci\u00f3n 22 del SNTE\ncon expedientes ya validados por el IEEPO y la SEP, demandas consideradas como\nincidencias administrativas.<\/p>\n\n\n\n<p>En\nun comunicado, el Instituto Estatal de Educaci\u00f3n P\u00fablica de Oaxaca (IEEPO)\ninform\u00f3 que con ello se resuelve una de las principales demandas del magisterio\noaxaque\u00f1o.<\/p>\n\n\n\n<p>Se\ntrata de los pagos \u00fanicos correspondientes a las incidencias administrativas de\nlos a\u00f1os 2014 y 2015, por los servicios prestados en los diferentes niveles\neducativos de educaci\u00f3n b\u00e1sica en el estado, mismos que no fueron conciliados\nante la federaci\u00f3n durante la Reforma Educativa anterior, hoy derogada.<\/p>\n\n\n\n<p>En\nuna primera etapa, con el respaldo del secretario de Educaci\u00f3n P\u00fablica, Esteban\nMoctezuma Barrag\u00e1n, son 875 los beneficiados, quienes cumplieron con la\npresentaci\u00f3n de expedientes que fueron validados en su momento por el IEEPO y\nla SEP.<\/p>\n\n\n\n<p>\u201cEstamos\nante un evento trascendental e in\u00e9dito para el \u00e1rea educativa del estado\u201d,\nafirm\u00f3 el director general del Instituto, Francisco \u00c1ngel Villarreal, al dar a\nconocer que se ejercer\u00e1n un total de 100 millones de pesos para cubrir los\npagos \u00fanicos que luego de casi cinco a\u00f1os de que no hab\u00edan procedido por la\nReforma Educativa anterior, actualmente invalidada, hoy se logran resolver en\nun porcentaje importante.<\/p>\n\n\n\n<p>Adem\u00e1s,\nmencion\u00f3 que muestra del compromiso del gobernador Alejandro Murat con la\neducaci\u00f3n p\u00fablica, se contin\u00faa la atenci\u00f3n integral de las necesidades del\nsector educativo en Oaxaca, como son la entrega de mobiliario y equipo para el\nmejoramiento de las escuelas; la Estrategia Nacional de Iniciaci\u00f3n a la\nDocencia en el Medio Ind\u00edgena y el bono por el D\u00eda del Jubilado.<\/p>\n\n\n\n<p>Inform\u00f3\nque cumpliendo el acuerdo de las 13 mesas tripartitas y resultado de la plena\ncoordinaci\u00f3n con la SEP, se asignaron -en un primer momento- 236 claves\npresupuestales; en tanto que otras 85, est\u00e1n en proceso y se tiene previsto\notorgar 222 m\u00e1s en el mes de julio, para lograr una asignaci\u00f3n total de 543\nclaves presupuestales.<\/p>\n\n\n\n<p>Al\nrespecto, la representante del sindicato magisterial, Felicitas Donaj\u00ed Garc\u00eda,\nreconoci\u00f3 que se cumple con la primera etapa de pagos \u00fanicos de docentes, que\nen el caso de esa modalidad, hab\u00edan tenido problemas para solucionarlos; sin\nembargo, al cambiar las condiciones y establecerse una pol\u00edtica de di\u00e1logo\npudieron atenderse. \u201cHoy podemos decir que hemos avanzado\u201d, resalt\u00f3.<\/p>\n\n\n\n<p>Tambi\u00e9n,\nla docente Tatiana Cruz, agradeci\u00f3 a las autoridades educativas la atenci\u00f3n a\nestas incidencias administrativas, con lo cual se garantiza certeza laboral y\nreivindica el papel del magisterio en la mejora de la educaci\u00f3n del estado.<\/p>\n\n\n\n<p>En\nel tema de las incidencias administrativas, cumpliendo con el ejercicio de\ntransparencia y apego al Derecho de Acceso a la Informaci\u00f3n P\u00fablica, el IEEPO\nimplement\u00f3 el micrositio LOGROS Y ATENCI\u00d3N A INCIDENCIAS ADMINISTRATIVAS DEL\nMAGISTERIO, que se puede consultar en la p\u00e1gina web: https:\/\/www.oaxaca.gob.mx\/ieepo\/atencion-al-magisterio.<\/p>\n","protected":false},"excerpt":{"rendered":"<p>Redacci\u00f3n\/Zona Roja. Oaxaca de Ju\u00e1rez, Oax. 18 de junio de 2020.- Tras diversas protestas, desde&hellip;<\/p>\n","protected":false},"author":2,"featured_media":13892,"comment_status":"closed","ping_status":"open","sticky":false,"template":"","format":"standard","meta":{"_lmt_disableupdate":"","_lmt_disable":"","_jetpack_memberships_contains_paid_content":false,"footnotes":""},"categories":[109,46],"tags":[599],"class_list":["post-13891","post","type-post","status-publish","format-standard","has-post-thumbnail","hentry","category-minuto-a-minuto","category-zona-blanca","tag-instituto-estatal-de-educacion-publica-de-oaxaca"],"jetpack_featured_media_url":"https:\/\/zonaroja.com.mx\/wp-content\/uploads\/2020\/06\/03-PAGO-INCIDENCIAS.jpg","jetpack_sharing_enabled":true,"_links":{"self":[{"href":"https:\/\/zonaroja.com.mx\/index.php?rest_route=\/wp\/v2\/posts\/13891","targetHints":{"allow":["GET"]}}],"collection":[{"href":"https:\/\/zonaroja.com.mx\/index.php?rest_route=\/wp\/v2\/posts"}],"about":[{"href":"https:\/\/zonaroja.com.mx\/index.php?rest_route=\/wp\/v2\/types\/post"}],"author":[{"embeddable":true,"href":"https:\/\/zonaroja.com.mx\/index.php?rest_route=\/wp\/v2\/users\/2"}],"replies":[{"embeddable":true,"href":"https:\/\/zonaroja.com.mx\/index.php?rest_route=%2Fwp%2Fv2%2Fcomments&post=13891"}],"version-history":[{"count":1,"href":"https:\/\/zonaroja.com.mx\/index.php?rest_route=\/wp\/v2\/posts\/13891\/revisions"}],"predecessor-version":[{"id":13893,"href":"https:\/\/zonaroja.com.mx\/index.php?rest_route=\/wp\/v2\/posts\/13891\/revisions\/13893"}],"wp:featuredmedia":[{"embeddable":true,"href":"https:\/\/zonaroja.com.mx\/index.php?rest_route=\/wp\/v2\/media\/13892"}],"wp:attachment":[{"href":"https:\/\/zonaroja.com.mx\/index.php?rest_route=%2Fwp%2Fv2%2Fmedia&parent=13891"}],"wp:term":[{"taxonomy":"category","embeddable":true,"href":"https:\/\/zonaroja.com.mx\/index.php?rest_route=%2Fwp%2Fv2%2Fcategories&post=13891"},{"taxonomy":"post_tag","embeddable":true,"href":"https:\/\/zonaroja.com.mx\/index.php?rest_route=%2Fwp%2Fv2%2Ftags&post=13891"}],"curies":[{"name":"wp","href":"https:\/\/api.w.org\/{rel}","templated":true}]}}