{"id":13898,"date":"2020-06-18T10:23:29","date_gmt":"2020-06-18T15:23:29","guid":{"rendered":"http:\/\/www.zonaroja.com.mx\/?p=13898"},"modified":"2020-06-18T10:23:32","modified_gmt":"2020-06-18T15:23:32","slug":"debaten-sobre-periodismo-en-tiempos-de-pandemia-en-mexico","status":"publish","type":"post","link":"https:\/\/zonaroja.com.mx\/?p=13898","title":{"rendered":"Debaten sobre \u201cPeriodismo en tiempos de pandemia\u201d en M\u00e9xico"},"content":{"rendered":"\n<p>Evlin\nArag\u00f3n\/Zona Roja. Foto: TeleSur<\/p>\n\n\n\n<p>Oaxaca\nde Ju\u00e1rez, Oax., 18 de junio de 2020.- A pesar de los riegos que implica la\ncontingencia sanitaria, las mujeres periodistas est\u00e1n en las calles cubriendo\nla informaci\u00f3n, afirm\u00f3 la periodista Soledad Jarqu\u00edn Edgar, quien adem\u00e1s\nrefiri\u00f3 que la labor del gremio deber\u00eda ser considera como esencial debido a la\nrelevancia que cobra en momentos como los que vive el mundo.&nbsp; <\/p>\n\n\n\n<p>Lo\nanterior en el marco de la conferencia titulada \u201cPeriodismo en tiempos de pandemia\u201d\nque se realiz\u00f3 este mi\u00e9rcoles como parte de las actividades previas de la\nemisi\u00f3n 19 del Premio Nacional de Periodismo 2019, cuya convocatoria se\nencuentra abierta a\u00fan hasta el pr\u00f3ximo 6 de julio.<\/p>\n\n\n\n<p>\u201cNo\nestamos siendo consideradas como personal esencial ni siquiera por los medios\nde comunicaci\u00f3n, yo no s\u00e9 si en las redacciones de los diferentes medios se le\nhabl\u00f3 al personal de los riesgos y las medidas sanitarias que hay que tomar\nante la emergencia\u201d, dijo la periodista y presidenta del jurado del premio.<\/p>\n\n\n\n<p>En\neste sentido, argument\u00f3 que tambi\u00e9n existe una primera l\u00ednea en la cobertura de\nla contingencia sanitaria en la que sin lugar a dudas figuran las mujeres\nperiodistas comprometidas con la labor informativa y con ofrecer datos que\npermitan la toma de mejores decisiones por parte de la ciudadan\u00eda.<\/p>\n\n\n\n<p>\u201cDesde\nhace 15 a\u00f1os han surgido toda una generaci\u00f3n de mujeres que han dado muestra de\nun periodismo ejemplar, me refiero a Marcela Turati, Anabel Hern\u00e1ndez, Ana\nLilia P\u00e9rez, por citar algunas como ejemplo de ese periodismo de trascendencia\nen M\u00e9xico\u201d, dijo.<\/p>\n\n\n\n<p>Por\nsu parte, el maestro Omar Garc\u00eda Santiago, representante de la Universidad de\nGuadalajara en el jurado calificador del premio, asegur\u00f3 que la ca\u00edda\nestrepitosa de la credibilidad que ten\u00edan los medios de comunicaci\u00f3n\ntradicionales en los \u00faltimos tres a\u00f1os, dada a conocer por el Instituto\nReuters, se ha detenido con el tema de la contingencia sanitaria, ya que la\npoblaci\u00f3n ha recurrido a estos para obtener informaci\u00f3n veraz sobre la\npandemia.&nbsp; <\/p>\n\n\n\n<p>As\u00ed\nmismo, la situaci\u00f3n actual ha puesto retos en torno a la cobertura diaria, ya\nque los medios ahora deben valorar como cuidar a sus trabajadores que salen a\nla calle para mantener informada a la poblaci\u00f3n y plantear la posibilidad de\nespecializaci\u00f3n por temas, claro ejemplo la salud en estos momentos.<\/p>\n\n\n\n<p>Sin\nembargo, la pandemia es s\u00f3lo una parte de los retos a lo se enfrenta el\nperiodismo a los que se suman la crisis econ\u00f3mica que deriva en la\nprecarizaci\u00f3n de los salarios y la violencia en contra del gremio por parte de\ncada vez m\u00e1s actores externos.<\/p>\n\n\n\n<p>\u201cHay\nuna necesidad imperiosa de que los periodistas est\u00e9n en el lugar de los hechos,\nlas transmisiones en vivo se han vuelto indispensables ahora para recuperar la\ncredibilidad del p\u00fablico, pero tambi\u00e9n lo es el cuidado de los periodistas en\nestos momentos de emergencia\u201d, se\u00f1al\u00f3.<\/p>\n\n\n\n<p>Finalmente,\npuntualiz\u00f3 que de acuerdo con los datos y la experiencia actual, el futuro del\nperiodismo en M\u00e9xico ser\u00e1 de redacciones peque\u00f1as pero contundentes y\nsustanciosas, donde la especializaci\u00f3n de sus periodistas jugar\u00e1 un papel\ndeterminante en los tiempos venideros.<\/p>\n","protected":false},"excerpt":{"rendered":"<p>Evlin Arag\u00f3n\/Zona Roja. Foto: TeleSur Oaxaca de Ju\u00e1rez, Oax., 18 de junio de 2020.- A&hellip;<\/p>\n","protected":false},"author":2,"featured_media":13899,"comment_status":"closed","ping_status":"open","sticky":false,"template":"","format":"standard","meta":{"_lmt_disableupdate":"","_lmt_disable":"","_jetpack_memberships_contains_paid_content":false,"footnotes":""},"categories":[109,46],"tags":[1105],"class_list":["post-13898","post","type-post","status-publish","format-standard","has-post-thumbnail","hentry","category-minuto-a-minuto","category-zona-blanca","tag-soledad-jarquin-edgar"],"jetpack_featured_media_url":"https:\/\/zonaroja.com.mx\/wp-content\/uploads\/2020\/06\/Peridosimo-pandemia.jpg","jetpack_sharing_enabled":true,"_links":{"self":[{"href":"https:\/\/zonaroja.com.mx\/index.php?rest_route=\/wp\/v2\/posts\/13898","targetHints":{"allow":["GET"]}}],"collection":[{"href":"https:\/\/zonaroja.com.mx\/index.php?rest_route=\/wp\/v2\/posts"}],"about":[{"href":"https:\/\/zonaroja.com.mx\/index.php?rest_route=\/wp\/v2\/types\/post"}],"author":[{"embeddable":true,"href":"https:\/\/zonaroja.com.mx\/index.php?rest_route=\/wp\/v2\/users\/2"}],"replies":[{"embeddable":true,"href":"https:\/\/zonaroja.com.mx\/index.php?rest_route=%2Fwp%2Fv2%2Fcomments&post=13898"}],"version-history":[{"count":1,"href":"https:\/\/zonaroja.com.mx\/index.php?rest_route=\/wp\/v2\/posts\/13898\/revisions"}],"predecessor-version":[{"id":13900,"href":"https:\/\/zonaroja.com.mx\/index.php?rest_route=\/wp\/v2\/posts\/13898\/revisions\/13900"}],"wp:featuredmedia":[{"embeddable":true,"href":"https:\/\/zonaroja.com.mx\/index.php?rest_route=\/wp\/v2\/media\/13899"}],"wp:attachment":[{"href":"https:\/\/zonaroja.com.mx\/index.php?rest_route=%2Fwp%2Fv2%2Fmedia&parent=13898"}],"wp:term":[{"taxonomy":"category","embeddable":true,"href":"https:\/\/zonaroja.com.mx\/index.php?rest_route=%2Fwp%2Fv2%2Fcategories&post=13898"},{"taxonomy":"post_tag","embeddable":true,"href":"https:\/\/zonaroja.com.mx\/index.php?rest_route=%2Fwp%2Fv2%2Ftags&post=13898"}],"curies":[{"name":"wp","href":"https:\/\/api.w.org\/{rel}","templated":true}]}}