{"id":13901,"date":"2020-06-18T12:26:40","date_gmt":"2020-06-18T17:26:40","guid":{"rendered":"http:\/\/www.zonaroja.com.mx\/?p=13901"},"modified":"2020-06-18T12:32:38","modified_gmt":"2020-06-18T17:32:38","slug":"regresan-a-german-tenorio-a-ixcotel-tras-ser-atendido-en-clinica-tiene-covid","status":"publish","type":"post","link":"https:\/\/zonaroja.com.mx\/?p=13901","title":{"rendered":"Regresan a Germ\u00e1n Tenorio a Ixcotel tras ser atendido en cl\u00ednica; tiene Covid"},"content":{"rendered":"\n<p>Yuridiana\nSosa\/Zona Roja.<\/p>\n\n\n\n<p>Oaxaca de Ju\u00e1rez, Oax., 18 de junio de 2020.-\u00a0 A trav\u00e9s de una suspensi\u00f3n definitiva concedida, el ex titular de los Servicios de Salud de Oaxaca (SSO), Germ\u00e1n Tenorio Vasconcelos, sali\u00f3 temporalmente del penal de Santa Mar\u00eda Ixcotel para ser atendido en cl\u00ednica particular por padecer Covid-19.<\/p>\n\n\n\n<p>El\nJuez Quinto de Distrito concedi\u00f3 el 15 de junio la suspensi\u00f3n relacionada al\njuicio de amparo 0363\/2019, y por el que se ordena que al Centro de\nInternamiento de Santa Mar\u00eda Ixcotel \u201cdote al referido quejoso de los\ninstrumentos necesarios que protejan su vida, salud, e integridad f\u00edsica, as\u00ed\ncomo alimentaci\u00f3n, medicamentos e insumos que requiera a fin de garantizar su\nderecho a la salud\u201d.<\/p>\n\n\n\n<p>El ex funcionario fue trasladado para su atenci\u00f3n m\u00e9dica a un hospital particular en la colonia Reforma, al norte de la ciudad de Oaxaca, tras lo cual fue regresado a su reclusi\u00f3n.<\/p>\n\n\n\n<figure class=\"wp-block-image\"><img decoding=\"async\" width=\"1024\" height=\"577\" src=\"http:\/\/www.zonaroja.com.mx\/wp-content\/uploads\/2020\/06\/Germ\u00e1n-Tenorio-Vasconcelos-1024x577.jpg\" alt=\"\" class=\"wp-image-13902\" srcset=\"https:\/\/zonaroja.com.mx\/wp-content\/uploads\/2020\/06\/Germ\u00e1n-Tenorio-Vasconcelos-1024x577.jpg 1024w, https:\/\/zonaroja.com.mx\/wp-content\/uploads\/2020\/06\/Germ\u00e1n-Tenorio-Vasconcelos-300x169.jpg 300w, https:\/\/zonaroja.com.mx\/wp-content\/uploads\/2020\/06\/Germ\u00e1n-Tenorio-Vasconcelos-768x433.jpg 768w, https:\/\/zonaroja.com.mx\/wp-content\/uploads\/2020\/06\/Germ\u00e1n-Tenorio-Vasconcelos-585x330.jpg 585w, https:\/\/zonaroja.com.mx\/wp-content\/uploads\/2020\/06\/Germ\u00e1n-Tenorio-Vasconcelos.jpg 1144w\" sizes=\"(max-width: 1024px) 100vw, 1024px\" \/><\/figure>\n\n\n\n<p>Fuentes de la Secretar\u00eda de Seguridad P\u00fablica de Oaxaca (SSPO) informaron por su parte que el ex funcionario cuenta con los servicios m\u00e9dicos necesarios y se est\u00e1 al tanto de su salud de manera continua, al igual que el resto de las personas privadas de su libertad que presentan la enfermedad. <\/p>\n\n\n\n<p>Los Servicios de Salud de Oaxaca informaron el pasado 3 de junio de seis casos confirmados de Covid-19 entre los internos del penal de Ixcotel, en el municipio conurbado a la capital; entre los casos positivos se dio a conocer el de Tenorio Vasconcelos.<\/p>\n\n\n\n<p>Tras\nesos casos confirmados se sumaron 13 los pacientes enfermos de SARS-CoV-dos en\nlos centros penitenciarios de la entidad, pues tambi\u00e9n siete internos del penal\nde Tanivet enfermaron de este virus.<\/p>\n\n\n\n<p>Germ\u00e1n\nTenorio fue aprehendido en junio de 2017 en el estado de Jalisco y traslado a\nOaxaca pro el delito de abuso de autoridad en perjuicio de la sociedad\noaxaque\u00f1a mientras fungi\u00f3 como servidor p\u00fablico durante el sexenio de Gabino\nCu\u00e9 Monteagudo.<\/p>\n","protected":false},"excerpt":{"rendered":"<p>Yuridiana Sosa\/Zona Roja. Oaxaca de Ju\u00e1rez, Oax., 18 de junio de 2020.-\u00a0 A trav\u00e9s de&hellip;<\/p>\n","protected":false},"author":2,"featured_media":13903,"comment_status":"closed","ping_status":"open","sticky":false,"template":"","format":"standard","meta":{"_lmt_disableupdate":"","_lmt_disable":"","_jetpack_memberships_contains_paid_content":false,"footnotes":""},"categories":[109,47],"tags":[1767],"class_list":["post-13901","post","type-post","status-publish","format-standard","has-post-thumbnail","hentry","category-minuto-a-minuto","category-zona-gris","tag-german-tenorio-vasconcelos"],"jetpack_featured_media_url":"https:\/\/zonaroja.com.mx\/wp-content\/uploads\/2020\/06\/Germ\u00e1n-Tenorio-Vasconcelos-1.jpg","jetpack_sharing_enabled":true,"_links":{"self":[{"href":"https:\/\/zonaroja.com.mx\/index.php?rest_route=\/wp\/v2\/posts\/13901","targetHints":{"allow":["GET"]}}],"collection":[{"href":"https:\/\/zonaroja.com.mx\/index.php?rest_route=\/wp\/v2\/posts"}],"about":[{"href":"https:\/\/zonaroja.com.mx\/index.php?rest_route=\/wp\/v2\/types\/post"}],"author":[{"embeddable":true,"href":"https:\/\/zonaroja.com.mx\/index.php?rest_route=\/wp\/v2\/users\/2"}],"replies":[{"embeddable":true,"href":"https:\/\/zonaroja.com.mx\/index.php?rest_route=%2Fwp%2Fv2%2Fcomments&post=13901"}],"version-history":[{"count":2,"href":"https:\/\/zonaroja.com.mx\/index.php?rest_route=\/wp\/v2\/posts\/13901\/revisions"}],"predecessor-version":[{"id":13907,"href":"https:\/\/zonaroja.com.mx\/index.php?rest_route=\/wp\/v2\/posts\/13901\/revisions\/13907"}],"wp:featuredmedia":[{"embeddable":true,"href":"https:\/\/zonaroja.com.mx\/index.php?rest_route=\/wp\/v2\/media\/13903"}],"wp:attachment":[{"href":"https:\/\/zonaroja.com.mx\/index.php?rest_route=%2Fwp%2Fv2%2Fmedia&parent=13901"}],"wp:term":[{"taxonomy":"category","embeddable":true,"href":"https:\/\/zonaroja.com.mx\/index.php?rest_route=%2Fwp%2Fv2%2Fcategories&post=13901"},{"taxonomy":"post_tag","embeddable":true,"href":"https:\/\/zonaroja.com.mx\/index.php?rest_route=%2Fwp%2Fv2%2Ftags&post=13901"}],"curies":[{"name":"wp","href":"https:\/\/api.w.org\/{rel}","templated":true}]}}