{"id":13905,"date":"2020-06-18T12:30:17","date_gmt":"2020-06-18T17:30:17","guid":{"rendered":"http:\/\/www.zonaroja.com.mx\/?p=13905"},"modified":"2020-06-18T12:30:20","modified_gmt":"2020-06-18T17:30:20","slug":"llama-diputada-a-analizar-sistema-de-sanciones-en-san-juan-mazatlan-mixe","status":"publish","type":"post","link":"https:\/\/zonaroja.com.mx\/?p=13905","title":{"rendered":"Llama diputada a analizar sistema de sanciones en San Juan Mazatl\u00e1n Mixe"},"content":{"rendered":"\n<p>Redacci\u00f3n\/Zona\nRoja.<\/p>\n\n\n\n<p>Oaxaca\nde Ju\u00e1rez, Oax., 18 de junio de 2020.- Con la finalidad de analizar el sistema\nde sanciones que se rige en Juan Mazatl\u00e1n Mixe, toda vez que una mujer de 44\na\u00f1os v\u00edctima de violencia de g\u00e9nero, fue privada de su libertad temporalmente\nal defenderse de su agresor, la diputada Magaly L\u00f3pez present\u00f3 un exhorto a la\nasamblea comunitaria de ese municipio, como m\u00e1xima autoridad de dicha poblaci\u00f3n.<\/p>\n\n\n\n<p>Lo\nanterior con la finalidad de que realicen&nbsp;\nlas adecuaciones necesarias para que dichas sanciones sean arm\u00f3nicas con\nlos derechos humanos de las mujeres y haciendo prevalecer el inter\u00e9s superior\nde la ni\u00f1ez.<\/p>\n\n\n\n<p>La\nlegisladora morenista detall\u00f3 que en medios de comunicaci\u00f3n se difundi\u00f3 ampliamente\nque el pasado s\u00e1bado 6 de junio, en San Juan Mazatl\u00e1n Mixe, una mujer de 44\na\u00f1os de edad fue agredida en su propio domicilio por un hombre que ingres\u00f3\nviolentamente a su domicilio portando un arma de fuego, y que la respuesta de\nla autoridad municipal fue encarcelar a la v\u00edctima, junto con su hija de tres\na\u00f1os de edad, por haberse defendido de su agresor.<\/p>\n\n\n\n<p>Dej\u00f3\nclaro que no es la primera vez que se cometen actos de esa naturaleza en San\nJuan Mazatl\u00e1n Mixe. <\/p>\n\n\n\n<p>En\noctubre de 2019 se dio a conocer el abuso de autoridad por parte del entonces\ns\u00edndico municipal Victorino Cabrera Andr\u00e9s, quien orden\u00f3 encarcelar a una mujer\nind\u00edgena, junto con sus dos hijos una ni\u00f1a de ocho a\u00f1os y un ni\u00f1o de dos, sin\ndelito de por medio.<\/p>\n\n\n\n<p>\u201cSabemos\nque San Juan Mazatl\u00e1n Mixe es una comunidad ind\u00edgena, y que como tal posee\nautonom\u00eda para dirimir sus asuntos internos.&nbsp;\nDe ninguna manera pretendemos, con esta proposici\u00f3n, vulnerar ese\nderecho de los pueblos ind\u00edgenas, garantizado por la Constituci\u00f3n y que forma\nparte del derecho internacional de los derechos humanos\u201d, expuso.<\/p>\n\n\n\n<p>Puntualiz\u00f3\nque prevalece un conflicto pol\u00edtico en el que existe una autoridad comunitaria\nque ocupa el Palacio Municipal y sostiene una pugna con el presidente municipal\nreconocido institucionalmente, acusado de diversas violaciones graves a\nderechos humanos.<\/p>\n\n\n\n<p>La\nlegisladora reiter\u00f3 que de ninguna manera se pretende incidir en esa pugna\ncomunitaria.<\/p>\n","protected":false},"excerpt":{"rendered":"<p>Redacci\u00f3n\/Zona Roja. Oaxaca de Ju\u00e1rez, Oax., 18 de junio de 2020.- Con la finalidad de&hellip;<\/p>\n","protected":false},"author":2,"featured_media":13274,"comment_status":"closed","ping_status":"open","sticky":false,"template":"","format":"standard","meta":{"_lmt_disableupdate":"","_lmt_disable":"","_jetpack_memberships_contains_paid_content":false,"footnotes":""},"categories":[109,47],"tags":[192,933],"class_list":["post-13905","post","type-post","status-publish","format-standard","has-post-thumbnail","hentry","category-minuto-a-minuto","category-zona-gris","tag-diputada-magaly-lopez-dominguez","tag-san-juan-mazatlan-mixe"],"jetpack_featured_media_url":"https:\/\/zonaroja.com.mx\/wp-content\/uploads\/2020\/06\/Diputada-Magaly-L\u00f3pez.jpeg","jetpack_sharing_enabled":true,"_links":{"self":[{"href":"https:\/\/zonaroja.com.mx\/index.php?rest_route=\/wp\/v2\/posts\/13905","targetHints":{"allow":["GET"]}}],"collection":[{"href":"https:\/\/zonaroja.com.mx\/index.php?rest_route=\/wp\/v2\/posts"}],"about":[{"href":"https:\/\/zonaroja.com.mx\/index.php?rest_route=\/wp\/v2\/types\/post"}],"author":[{"embeddable":true,"href":"https:\/\/zonaroja.com.mx\/index.php?rest_route=\/wp\/v2\/users\/2"}],"replies":[{"embeddable":true,"href":"https:\/\/zonaroja.com.mx\/index.php?rest_route=%2Fwp%2Fv2%2Fcomments&post=13905"}],"version-history":[{"count":1,"href":"https:\/\/zonaroja.com.mx\/index.php?rest_route=\/wp\/v2\/posts\/13905\/revisions"}],"predecessor-version":[{"id":13906,"href":"https:\/\/zonaroja.com.mx\/index.php?rest_route=\/wp\/v2\/posts\/13905\/revisions\/13906"}],"wp:featuredmedia":[{"embeddable":true,"href":"https:\/\/zonaroja.com.mx\/index.php?rest_route=\/wp\/v2\/media\/13274"}],"wp:attachment":[{"href":"https:\/\/zonaroja.com.mx\/index.php?rest_route=%2Fwp%2Fv2%2Fmedia&parent=13905"}],"wp:term":[{"taxonomy":"category","embeddable":true,"href":"https:\/\/zonaroja.com.mx\/index.php?rest_route=%2Fwp%2Fv2%2Fcategories&post=13905"},{"taxonomy":"post_tag","embeddable":true,"href":"https:\/\/zonaroja.com.mx\/index.php?rest_route=%2Fwp%2Fv2%2Ftags&post=13905"}],"curies":[{"name":"wp","href":"https:\/\/api.w.org\/{rel}","templated":true}]}}