{"id":13908,"date":"2020-06-18T15:18:02","date_gmt":"2020-06-18T20:18:02","guid":{"rendered":"http:\/\/www.zonaroja.com.mx\/?p=13908"},"modified":"2020-06-18T15:18:05","modified_gmt":"2020-06-18T20:18:05","slug":"alto-a-la-masacre-de-nuestras-jovenes-gritan-por-desaparecidas-en-tuxtepec","status":"publish","type":"post","link":"https:\/\/zonaroja.com.mx\/?p=13908","title":{"rendered":"\u201cAlto a la masacre de nuestras j\u00f3venes\u201d, gritan por desaparecidas en Tuxtepec"},"content":{"rendered":"\n<p>Yuridiana Sosa\/Zona Roja. Foto: Especial<\/p>\n\n\n\n<p>San\nJuan Bautista Tuxtepec, Oax., 18 de junio de 2020.-&nbsp; La exigencia por justicia e inmediata\nlocalizaci\u00f3n de j\u00f3venes desaparecidas en Tuxtepec es incansable e imparable,\npese a la contingencia sanitaria que tambi\u00e9n golpea con brutalidad este\nmunicipio.<\/p>\n\n\n\n<p>Los\ncasos m\u00e1s recientes de Itzel Gonz\u00e1lez y Casandra Ram\u00edrez, desaparecidas en\nabril y mayo, motivaron una serie de movilizaciones a la que este jueves\ntambi\u00e9n se unieron familias de otras mujeres y adolescente varones que tambi\u00e9n\ndesaparecieron.<\/p>\n\n\n\n<p>En\nla marcha convocada por el colectivo feminista Tuxfem, las familias de Itzel y\nCasandra regresaron a las calles para exigir la inmediata localizaci\u00f3n de sus\nhijas y castigo a los responsables de su desaparici\u00f3n.<\/p>\n\n\n\n<p>Para\nestas familias, la esperanza del regreso de sus hijas no acaba mientras no\nexistan noticias confirmadas por la Fiscal\u00eda General del Estado de Oaxaca sobre\nuna situaci\u00f3n contraria.<\/p>\n\n\n\n<p>Esto\na pesar que el edil de Tuxtepec, Fernando Bautista D\u00e1vila, emiti\u00f3 un comunicado\nen el que asegur\u00f3 el asesinato de Itzel, Casandra y F\u00e1tima, para los que exigi\u00f3\njusticia.<\/p>\n\n\n\n<p>\u201cBasta de mensajes pol\u00edticos y p\u00f3ngase a trabajar\u201d, le gritaron a Bautista D\u00e1vila frente al palacio municipal tras su caminata por las avenidas 5 de Mayo y avenida Independencia.<\/p>\n\n\n\n<figure class=\"wp-block-image\"><img decoding=\"async\" width=\"680\" height=\"383\" src=\"http:\/\/www.zonaroja.com.mx\/wp-content\/uploads\/2020\/06\/Marcha-Tuxtepec-mujeres.jpg\" alt=\"\" class=\"wp-image-13910\" srcset=\"https:\/\/zonaroja.com.mx\/wp-content\/uploads\/2020\/06\/Marcha-Tuxtepec-mujeres.jpg 680w, https:\/\/zonaroja.com.mx\/wp-content\/uploads\/2020\/06\/Marcha-Tuxtepec-mujeres-300x169.jpg 300w, https:\/\/zonaroja.com.mx\/wp-content\/uploads\/2020\/06\/Marcha-Tuxtepec-mujeres-585x329.jpg 585w\" sizes=\"(max-width: 680px) 100vw, 680px\" \/><\/figure>\n\n\n\n<p>\u201cAlto\na la masacre de nuestras j\u00f3venes desaparecidas en Tuxtepec\u201d, \u201cVivas se las\nllevaron, vivas las queremos\u201d, \u201cqueremos ser libres, no valientes\u201d, son uno de\nlos mensajes que resaltaron durante la manifestaci\u00f3n en la que la mayor\u00eda de\nlos asistentes fueron familiares, amistades de las v\u00edctimas e integrantes del\ncolectivo.<\/p>\n\n\n\n<p>Pero\nlos reclamos por la falta de seguridad y justicia en Oaxaca tambi\u00e9n fueron para\nel gobernador Alejandro Murat: \u201cSr. Gobernador, no queremos Guelaguetza,\nqueremos a nuestras hijas\u201d, adem\u00e1s recalcaron \u201cMi dolor no es campa\u00f1a\npol\u00edtica\u201d.<\/p>\n\n\n\n<p>Las\nmovilizaciones por las desaparecidas comenzaron a finales de marzo tras la\ndesaparici\u00f3n de Wendy D., otra joven universitaria, quien fue localizada con\nvida d\u00edas despu\u00e9s a la marcha, as\u00ed como posteriormente de comunic\u00f3 la detenci\u00f3n\nde dos personas, un hombre y una mujer como presuntos responsables por el\nhecho.<\/p>\n\n\n\n<p>Tras\nella, se registr\u00f3 el caso de Itzel en abril, pero los resultados han sido\ndistintos, aunque en mayo de detuvo a un presunto responsable y en junio a otro\nvar\u00f3n por la desaparici\u00f3n de Casandra.<\/p>\n","protected":false},"excerpt":{"rendered":"<p>Yuridiana Sosa\/Zona Roja. Foto: Especial San Juan Bautista Tuxtepec, Oax., 18 de junio de 2020.-&nbsp;&hellip;<\/p>\n","protected":false},"author":2,"featured_media":13909,"comment_status":"closed","ping_status":"open","sticky":false,"template":"","format":"standard","meta":{"_lmt_disableupdate":"","_lmt_disable":"","_jetpack_memberships_contains_paid_content":false,"footnotes":""},"categories":[109,47],"tags":[1705],"class_list":["post-13908","post","type-post","status-publish","format-standard","has-post-thumbnail","hentry","category-minuto-a-minuto","category-zona-gris","tag-desaparecidas-san-juan-bautista-tuxtepec"],"jetpack_featured_media_url":"https:\/\/zonaroja.com.mx\/wp-content\/uploads\/2020\/06\/Marcha-desaparecidas-Tuxtepec.jpg","jetpack_sharing_enabled":true,"_links":{"self":[{"href":"https:\/\/zonaroja.com.mx\/index.php?rest_route=\/wp\/v2\/posts\/13908","targetHints":{"allow":["GET"]}}],"collection":[{"href":"https:\/\/zonaroja.com.mx\/index.php?rest_route=\/wp\/v2\/posts"}],"about":[{"href":"https:\/\/zonaroja.com.mx\/index.php?rest_route=\/wp\/v2\/types\/post"}],"author":[{"embeddable":true,"href":"https:\/\/zonaroja.com.mx\/index.php?rest_route=\/wp\/v2\/users\/2"}],"replies":[{"embeddable":true,"href":"https:\/\/zonaroja.com.mx\/index.php?rest_route=%2Fwp%2Fv2%2Fcomments&post=13908"}],"version-history":[{"count":1,"href":"https:\/\/zonaroja.com.mx\/index.php?rest_route=\/wp\/v2\/posts\/13908\/revisions"}],"predecessor-version":[{"id":13911,"href":"https:\/\/zonaroja.com.mx\/index.php?rest_route=\/wp\/v2\/posts\/13908\/revisions\/13911"}],"wp:featuredmedia":[{"embeddable":true,"href":"https:\/\/zonaroja.com.mx\/index.php?rest_route=\/wp\/v2\/media\/13909"}],"wp:attachment":[{"href":"https:\/\/zonaroja.com.mx\/index.php?rest_route=%2Fwp%2Fv2%2Fmedia&parent=13908"}],"wp:term":[{"taxonomy":"category","embeddable":true,"href":"https:\/\/zonaroja.com.mx\/index.php?rest_route=%2Fwp%2Fv2%2Fcategories&post=13908"},{"taxonomy":"post_tag","embeddable":true,"href":"https:\/\/zonaroja.com.mx\/index.php?rest_route=%2Fwp%2Fv2%2Ftags&post=13908"}],"curies":[{"name":"wp","href":"https:\/\/api.w.org\/{rel}","templated":true}]}}