{"id":13912,"date":"2020-06-18T15:51:15","date_gmt":"2020-06-18T20:51:15","guid":{"rendered":"http:\/\/www.zonaroja.com.mx\/?p=13912"},"modified":"2020-06-18T15:51:19","modified_gmt":"2020-06-18T20:51:19","slug":"rechazan-guelaguetza-decembrina-va-en-contra-de-las-tradiciones","status":"publish","type":"post","link":"https:\/\/zonaroja.com.mx\/?p=13912","title":{"rendered":"Rechazan Guelaguetza decembrina; va en contra de las tradiciones"},"content":{"rendered":"\n<p>Evlin\nArag\u00f3n\/Zona Roja.<\/p>\n\n\n\n<p>Oaxaca\nde Ju\u00e1rez, Oax., 18 de junio de 2020.- El diputado local Oth\u00f3n Cuevas C\u00f3rdova,\npresent\u00f3 un punto de acuerdo de urgente y obvia resoluci\u00f3n para evitar que la\nGuelaguetza se lleve a cabo en el mes de diciembre, como lo plante\u00f3 el\ngobernador de Oaxaca, Alejandro Murat Hinojosa, debido a la contingencia\nsanitaria que enfrenta la entidad en estos momentos por el Covid-19.<\/p>\n\n\n\n<p>De\nacuerdo con el legislador del Partido Morena, la idea plateada por el\nmandatario estatal es \u00fanicamente con fines comerciales e ir\u00eda en contra de la\npropia identidad de los pueblos oaxaque\u00f1os, ya que la festividad es mucho m\u00e1s\nque un espect\u00e1culo folcl\u00f3rico y atraviesa las tradiciones de los pueblos\nind\u00edgenas.&nbsp; <\/p>\n\n\n\n<p>\u201cNo\npodemos decidir solo con el criterio comercial cambiar la fecha de la\nGuelaguetza, es verdad que contribuye en el arribo de turistas y la derrama\necon\u00f3mica pero la festividad va mucho m\u00e1s all\u00e1\u201d, reclam\u00f3 este mi\u00e9rcoles durante\nla sesi\u00f3n virtual realizada por la Diputaci\u00f3n Permanente.<\/p>\n\n\n\n<p>Cuevas\nC\u00f3rdoba pidi\u00f3 respeto a la idiosincrasia, cultura y tradiciones que hace \u00fanico\nal pueblo de Oaxaca ante el mundo, por lo que indic\u00f3 que si es necesario\ncancelarla por la contingencia sanitaria no habr\u00e1 oposici\u00f3n, sin embargo, no\npermitir\u00e1n que sea manipulada a conveniencia.<\/p>\n\n\n\n<p>\u201cQue\nse tomen todas las medidas necesarias, incluyendo la cancelaci\u00f3n de la\nGuelaguetza en el mes de julio, pero que no se le llame fiesta de la\nGuelaguetza m\u00e1xima fiesta de los oaxaque\u00f1os a la que llegar\u00e1 a realizare en el\nmes de diciembre, ser\u00e1 un espect\u00e1culo folcl\u00f3rico m\u00e1s, podemos hacer una serie\nde eventos, pero respeten la idiosincrasia y la cultura que nos hace \u00fanicos\nante el mundo\u201d, dijo.&nbsp;&nbsp; <\/p>\n\n\n\n<p>As\u00ed\nmismo, refiri\u00f3 que la palabra Guelaguetza evoca a la ayuda entre hermanos y\ntiene su origen en rituales dedicados al dios de la fertilidad o la diosa del\nma\u00edz tierno, lo cual incluso constatan varias comunidades de los Valles\nCentrales que celebran la festividad durante las mismas fechas del mes de\njulio.&nbsp;&nbsp;&nbsp; <\/p>\n\n\n\n<p>Cuevas\nC\u00f3rdoba detall\u00f3 que el cambio de fecha propuesta para la realizaci\u00f3n de la\nfestividad ser\u00eda una afrenta contra la identidad y las tradiciones del pueblo\noaxaque\u00f1o, de las que tanto se jactan los gobiernos para atraer al turismo\nnacional y extranjero.<\/p>\n\n\n\n<p>Finalmente,\npuntualiz\u00f3 que Oaxaca tiene los suficientes atractivos culturales, folcl\u00f3ricos,\ngastron\u00f3micos, entre otros, para seguir atrayendo al turismo, sin la necesidad\nde tergiversar la espiritualidad, historia y cultura de los oaxaque\u00f1os que es\nreferente a nivel mundial.<\/p>\n\n\n\n<p>A\nla propuesta &#8211;turnada a comisiones&#8211; se unieron los diputados Luis Alfonso\nSilva Romo y Pavel Mel\u00e9ndez, quienes coincidieron en los argumentos de Cuevas\nC\u00f3rdoba.<\/p>\n","protected":false},"excerpt":{"rendered":"<p>Evlin Arag\u00f3n\/Zona Roja. Oaxaca de Ju\u00e1rez, Oax., 18 de junio de 2020.- El diputado local&hellip;<\/p>\n","protected":false},"author":2,"featured_media":12998,"comment_status":"closed","ping_status":"open","sticky":false,"template":"","format":"standard","meta":{"_lmt_disableupdate":"","_lmt_disable":"","_jetpack_memberships_contains_paid_content":false,"footnotes":""},"categories":[109,46],"tags":[1311],"class_list":["post-13912","post","type-post","status-publish","format-standard","has-post-thumbnail","hentry","category-minuto-a-minuto","category-zona-blanca","tag-othon-cuevas-cordova"],"jetpack_featured_media_url":"https:\/\/zonaroja.com.mx\/wp-content\/uploads\/2020\/05\/Oth\u00f3n-Cuevas.png","jetpack_sharing_enabled":true,"_links":{"self":[{"href":"https:\/\/zonaroja.com.mx\/index.php?rest_route=\/wp\/v2\/posts\/13912","targetHints":{"allow":["GET"]}}],"collection":[{"href":"https:\/\/zonaroja.com.mx\/index.php?rest_route=\/wp\/v2\/posts"}],"about":[{"href":"https:\/\/zonaroja.com.mx\/index.php?rest_route=\/wp\/v2\/types\/post"}],"author":[{"embeddable":true,"href":"https:\/\/zonaroja.com.mx\/index.php?rest_route=\/wp\/v2\/users\/2"}],"replies":[{"embeddable":true,"href":"https:\/\/zonaroja.com.mx\/index.php?rest_route=%2Fwp%2Fv2%2Fcomments&post=13912"}],"version-history":[{"count":1,"href":"https:\/\/zonaroja.com.mx\/index.php?rest_route=\/wp\/v2\/posts\/13912\/revisions"}],"predecessor-version":[{"id":13913,"href":"https:\/\/zonaroja.com.mx\/index.php?rest_route=\/wp\/v2\/posts\/13912\/revisions\/13913"}],"wp:featuredmedia":[{"embeddable":true,"href":"https:\/\/zonaroja.com.mx\/index.php?rest_route=\/wp\/v2\/media\/12998"}],"wp:attachment":[{"href":"https:\/\/zonaroja.com.mx\/index.php?rest_route=%2Fwp%2Fv2%2Fmedia&parent=13912"}],"wp:term":[{"taxonomy":"category","embeddable":true,"href":"https:\/\/zonaroja.com.mx\/index.php?rest_route=%2Fwp%2Fv2%2Fcategories&post=13912"},{"taxonomy":"post_tag","embeddable":true,"href":"https:\/\/zonaroja.com.mx\/index.php?rest_route=%2Fwp%2Fv2%2Ftags&post=13912"}],"curies":[{"name":"wp","href":"https:\/\/api.w.org\/{rel}","templated":true}]}}