{"id":13914,"date":"2020-06-18T16:04:09","date_gmt":"2020-06-18T21:04:09","guid":{"rendered":"http:\/\/www.zonaroja.com.mx\/?p=13914"},"modified":"2020-06-18T16:04:14","modified_gmt":"2020-06-18T21:04:14","slug":"otro-caso-de-abuso-policial-en-oaxaca-aei-tortura-a-joven-y-saquea-casa","status":"publish","type":"post","link":"https:\/\/zonaroja.com.mx\/?p=13914","title":{"rendered":"Otro caso de abuso policial en Oaxaca: AEI tortura a joven y saquea casa"},"content":{"rendered":"\n<p>Floriberto\nSantos\/AM-PM<\/p>\n\n\n\n<p>Oaxaca\nde Ju\u00e1rez, Oax., 18 de junio de 2020.- Mientras en los separos de la Agencia\nEstatal de Investigaciones (AEI) lo interrogaban y torturaban, su casa era\nsaqueada por los mismos polic\u00edas que lo levantaron, denunci\u00f3 una v\u00edctima de\ntortura. <\/p>\n\n\n\n<p>La\nFiscal\u00eda General del Estado de Oaxaca tiene conocimiento del caso y se espera\nuna exhaustiva investigaci\u00f3n.<\/p>\n\n\n\n<p>LA\nHISTORIA<\/p>\n\n\n\n<p>Seg\u00fan\nla carpeta de investigaci\u00f3n 17707\/FEDH\/FCTO\/2020, entre 18:30 o 19:00 horas del\npasado 2 de junio, Esteban R. R., representante de la organizaci\u00f3n Frente\nOaxaque\u00f1o Popular Estudiantil Campesino, se dirig\u00eda de su casa al domicilio de\nuna amiga.<\/p>\n\n\n\n<p>Se\ndesplazaba en una motocicleta Italika, cuando a la altura del puente r\u00edo \u00a1Salado!,\ncerca del bar \u00a1La Costa!, lo intercepta otra motocicleta con un hombre y una\nmujer abordo.<\/p>\n\n\n\n<p>La\npareja dijo ser polic\u00eda; Esteban se orill\u00f3 tal como se lo pidieron pensando que\nser\u00eda un tema de placas, las cuales no ha conseguido o tramitado debido a la\ncontingencia mundial.<\/p>\n\n\n\n<p>Justo\nen ese momento llegan dos camionetas, una gris y una blanca, de la cual\ndescienden varios hombres que preguntaron a la pareja si era el indicado, a lo\nque esta dijo que s\u00ed.<\/p>\n\n\n\n<p>Enseguida\nlo despojan de sus llaves, de su mariconera donde llevaba todo el dinero de su\npago de trabajo y lo treparon a la cabina de una de las camionetas.<\/p>\n\n\n\n<p>En\nel interior comienzan a intimidarlo, refiri\u00e9ndole que pertenecen a un grupo\ndelictivo, a un supuesto c\u00e1rtel.<\/p>\n\n\n\n<p>\u201c\u00bfQu\u00e9\nte pas\u00f3 en la pierna?, \u00bfqu\u00e9 hiciste en estos d\u00edas? Te andas haciendo pasar por\nnosotros, ya te cargo la v&#8230;, te vamos a llevar con el patr\u00f3n, te vamos a\nllevar al rancho\u201d, le dec\u00edan, mientras insist\u00edan con preguntas sobre personas\nque desconoc\u00eda.<\/p>\n\n\n\n<p>Por\nun momento Esteban pens\u00f3 las preguntas eran por temas de la Universidad o algo\nas\u00ed, por el tema del Frente, pero no.<\/p>\n\n\n\n<p>\u201cJefe\nusted me est\u00e1 confundiendo\u201d; le respondieron: \u201cno te hagas pendejo\u201d, mientras\ntiraban sus pertenencias, \u201cpues de todos modos ya no regresa\u201d, dec\u00edan y se\nre\u00edan.<\/p>\n\n\n\n<p>En\nsu denuncia, Esteban reconoce haberse espantado, imagin\u00f3 lo peor pues no se\nidentificaron para nada.<\/p>\n\n\n\n<p>\u201cMe\ndoy cuenta personalmente quienes eran, porque llegamos a la ex Procuradur\u00eda, en\nLa Experimental, San Antonio de la Cal, donde me bajan, me meten a un s\u00f3tano\ndel edificio, en el cual a mano derecha estaba una oficina de donde sale el\njefe de ellos me imagino, un funcionario de alto mando a quienes los que me\nlevantaron obedec\u00edan\u201d.<\/p>\n\n\n\n<p>Recuerda\nque en el pasillo de ese s\u00f3tano, donde seg\u00fan su descripci\u00f3n son los separos de\nla Agencia Estatal de Investigaciones (AEI) y las oficinas del coordinador\nGeneral de la corporaci\u00f3n, Jos\u00e9 Alfredo \u00c1lvarez, contin\u00faan con una serie de\npreguntas como a qu\u00e9 se dedica, qu\u00e9 ha hecho en estos d\u00edas, a d\u00f3nde va por las\nnoches.<\/p>\n\n\n\n<p>Por\nuna, dos, tres horas lo siguen interrogando, \u201cyo te voy ayudar de esa broncota\nque tienes\u201d le dice el funcionario delgado, moreno, de bigotes, mientras le\nquitan el tel\u00e9fono y lo obligan a que les de la contrase\u00f1a.<\/p>\n\n\n\n<p>Durante\nestas tres horas de tortura sicol\u00f3gica, el funcionario entra y sale de su\noficina para preguntar, insistir en que le d\u00e9 datos sobre el paradero de una\nmujer, de quien el retenido asegura una y mil veces desconocer.<\/p>\n\n\n\n<p>Desde\nlas siete de la noche hasta las 10 u 11 lo mantienen en cautiverio, donde al no\ntener respuestas positivas le piden que as\u00ed, esposado, se ponga sobre una\ncolchoneta en posici\u00f3n fetal, donde comienza la tortura f\u00edsica con las mismas\npreguntas.<\/p>\n\n\n\n<p>Al\nno tener respuesta, le ponen una bolsa en la cabeza y comienzan a pegarle en\nlas costillas hasta que el dolor y la falta de respiraci\u00f3n lo hacen implorar\npiedad.<\/p>\n\n\n\n<p>Finalmente,\nal no conseguir lo que quer\u00eda los elementos de la AEI, le advierten que lo van\na dejar ir, pero que no haga pendejadas, que no denuncie los hechos.<\/p>\n\n\n\n<p>Durante\nestas horas, un grupo de agentes acude a su vivienda, en la colonia Roma, en\nSanta Luc\u00eda del Camino, donde supuestamente catean, pero jam\u00e1s violentaron el\nacceso principal porque ten\u00edan las llaves.<\/p>\n\n\n\n<p>Esteban\nse dio cuenta de lo que ya hab\u00edan hecho, cuando le entregan en el s\u00f3tano su\nmariconera, sus llaves, su casco y otra mochilita donde s\u00f3lo ten\u00eda papeles de no\nimportancia, mochila que ten\u00eda en su habitaci\u00f3n y no cuando lo levantaron.<\/p>\n\n\n\n<p>Cuando\nEsteban llega a su domicilio confirma lo que hab\u00eda imaginado, todo estaba en\ndesorden, le hab\u00edan robado ropa, calzados, c\u00e1mara fotogr\u00e1fica, un anillo de oro\nque ser\u00eda para su novia y todo el dinero que llevaba ahorrado.<\/p>\n\n\n\n<p>Extra\u00f1amente\nen el cesto de basura del ba\u00f1o, encuentra un preservativo sin usar, algo que \u00e9l\ntampoco hab\u00eda utilizado.<\/p>\n\n\n\n<p>Sin\ntocar nada, la v\u00edctima le tom\u00f3 fotograf\u00edas con su tel\u00e9fono celular y regres\u00f3 al\nsiguiente d\u00eda a denunciar el descarado y cuantioso robo, el allanamiento de\nmorada.<\/p>\n\n\n\n<p>La\ntortura sicol\u00f3gica contin\u00faa en esta diligencia de declaraci\u00f3n, pues al conocer\nque acudi\u00f3 a presentar la denuncia penal un grupo de agentes lo estuvieron\nvigilando, escuchando todo lo que declaraba.<\/p>\n\n\n\n<p>Recuerda\nque hasta el Ministerio P\u00fablico mostraba una actitud nada agradable, por\nmomentos quer\u00eda redactar algo que \u00e9l jam\u00e1s hab\u00eda dicho, por ello antes de\nfirmar su declaraci\u00f3n pidi\u00f3 se lo leyeran y lo modificaran.<\/p>\n\n\n\n<p>El\njoven teme ahora por su vida, porque contin\u00faan vigil\u00e1ndolo por d\u00f3nde vaya y\nsabe que si ahora lo levantan tal vez ya no regrese para contarlo.<\/p>\n\n\n\n<p>El\nofendido dijo que acudir\u00eda tambi\u00e9n a la Defensor\u00eda de los Derechos Humanos del\nPueblo de Oaxaca para solicitar alguna medida de protecci\u00f3n.<\/p>\n\n\n\n<p>Aun\nsin recuperarse del susto porque reconoce que al haber sido levantado se asust\u00f3\nmuch\u00edsimo, el joven pide al titular de la Fiscal\u00eda General de Justicia del\nEstado se investigue su caso y que no permita que los abusos y torturas se\nest\u00e9n dando en las propias oficinas de esta instituci\u00f3n.<\/p>\n\n\n\n<p>Responsabiliza\ntambi\u00e9n a la Agencia Estatal de Investigaciones, a su coordinador por todo lo\nque llega a sucederle a \u00e9l o a su familia por haber denunciado el delito de\ntortura y dem\u00e1s que se configuren en contra de quien o quienes resulten\nresponsables o intervinientes.<\/p>\n","protected":false},"excerpt":{"rendered":"<p>Floriberto Santos\/AM-PM Oaxaca de Ju\u00e1rez, Oax., 18 de junio de 2020.- Mientras en los separos&hellip;<\/p>\n","protected":false},"author":2,"featured_media":13915,"comment_status":"closed","ping_status":"open","sticky":false,"template":"","format":"standard","meta":{"_lmt_disableupdate":"","_lmt_disable":"","_jetpack_memberships_contains_paid_content":false,"footnotes":""},"categories":[109,51],"tags":[82,494],"class_list":["post-13914","post","type-post","status-publish","format-standard","has-post-thumbnail","hentry","category-minuto-a-minuto","category-zona-roja","tag-agencia-estatal-de-investigaciones","tag-fiscalia-general-del-estado-de-oaxaca"],"jetpack_featured_media_url":"https:\/\/zonaroja.com.mx\/wp-content\/uploads\/2020\/06\/Abuso-policial-AEI.jpg","jetpack_sharing_enabled":true,"_links":{"self":[{"href":"https:\/\/zonaroja.com.mx\/index.php?rest_route=\/wp\/v2\/posts\/13914","targetHints":{"allow":["GET"]}}],"collection":[{"href":"https:\/\/zonaroja.com.mx\/index.php?rest_route=\/wp\/v2\/posts"}],"about":[{"href":"https:\/\/zonaroja.com.mx\/index.php?rest_route=\/wp\/v2\/types\/post"}],"author":[{"embeddable":true,"href":"https:\/\/zonaroja.com.mx\/index.php?rest_route=\/wp\/v2\/users\/2"}],"replies":[{"embeddable":true,"href":"https:\/\/zonaroja.com.mx\/index.php?rest_route=%2Fwp%2Fv2%2Fcomments&post=13914"}],"version-history":[{"count":1,"href":"https:\/\/zonaroja.com.mx\/index.php?rest_route=\/wp\/v2\/posts\/13914\/revisions"}],"predecessor-version":[{"id":13916,"href":"https:\/\/zonaroja.com.mx\/index.php?rest_route=\/wp\/v2\/posts\/13914\/revisions\/13916"}],"wp:featuredmedia":[{"embeddable":true,"href":"https:\/\/zonaroja.com.mx\/index.php?rest_route=\/wp\/v2\/media\/13915"}],"wp:attachment":[{"href":"https:\/\/zonaroja.com.mx\/index.php?rest_route=%2Fwp%2Fv2%2Fmedia&parent=13914"}],"wp:term":[{"taxonomy":"category","embeddable":true,"href":"https:\/\/zonaroja.com.mx\/index.php?rest_route=%2Fwp%2Fv2%2Fcategories&post=13914"},{"taxonomy":"post_tag","embeddable":true,"href":"https:\/\/zonaroja.com.mx\/index.php?rest_route=%2Fwp%2Fv2%2Ftags&post=13914"}],"curies":[{"name":"wp","href":"https:\/\/api.w.org\/{rel}","templated":true}]}}