{"id":13917,"date":"2020-06-18T19:03:25","date_gmt":"2020-06-19T00:03:25","guid":{"rendered":"http:\/\/www.zonaroja.com.mx\/?p=13917"},"modified":"2020-06-18T19:03:29","modified_gmt":"2020-06-19T00:03:29","slug":"resurge-conflicto-en-la-mixteca-mixtepec-reclaman-agresion-de-yosonama","status":"publish","type":"post","link":"https:\/\/zonaroja.com.mx\/?p=13917","title":{"rendered":"Resurge conflicto en la Mixteca; Mixtepec reclaman agresi\u00f3n de Yoso\u00f1ama"},"content":{"rendered":"\n<p>Evlin\nArag\u00f3n\/Zona Roja.<\/p>\n\n\n\n<p>Oaxaca\nde Ju\u00e1rez, Oax., 18 de junio de 2020.- Autoridades municipales y comunales de\nSan Juan Mixtepec, municipio de la regi\u00f3n Mixteca de Oaxaca, exigieron la\nintervenci\u00f3n inmediata de la Guardia Nacional y de la Polic\u00eda Estatal, a fin de\nliberar y rescatar con vida a uno de sus pobladores que fue retenido de manera\nilegal por habitantes de Santo Domingo Yoso\u00f1ama.<\/p>\n\n\n\n<p>Los\nhechos ocurrieron este mi\u00e9rcoles en la localidad del Cuajilote, perteneciente\nal municipio de Mixtepec, alrededor de las cinco de la tarde, cuando al momento\nde organizarse para combatir un incendio en la zona, fueron testigos de que\ngente extra\u00f1a a su comunidad, portando armas largas arrastraban a una persona\ncon rumbo a Yoso\u00f1ama.<\/p>\n\n\n\n<p>La\nv\u00edctima fue reconocida como Erick L\u00f3pez Santiago, de 30 a\u00f1os de edad, y\nhabitante de la localidad del Cuajilote, de la cual es incluso representante,\nraz\u00f3n por la que pidieron que las autoridades estatales y de seguridad lleven a\ncabo un operativo que permita rescatarlo con vida.<\/p>\n\n\n\n<p>De\nla agresi\u00f3n responsabilizaron a la organizaci\u00f3n Antorcha Campesina, la cual\naseguran ha gozado de impunidad en actos violentos anteriores lo que ha\npermitido la constante repetici\u00f3n de ataques, ante la falta de acci\u00f3n por parte\nde las autoridades.<\/p>\n\n\n\n<p>\u201cLa\nimpunidad premia el delito, induce a su repetici\u00f3n y le hace propaganda:\nestimula al delincuente y contagia su ejemplo\u201d, refirieron.<\/p>\n\n\n\n<p>Dentro\nde sus exigencias se encuentra el cese de la simulaci\u00f3n e impunidad por parte\nde las autoridades y la actuaci\u00f3n en contra de Antorcha Campesina quien goza de\nimpunidad; as\u00ed mismo el respeto a los ciudadanos, poblaciones, territorios y\nbienes de San Juan Mixtepec,<\/p>\n\n\n\n<p>El\ndocumento fue dirigido a los gobiernos federal y estatal, a la Comisi\u00f3n\nNacional de los Derechos Humanos, la Defensor\u00eda de los Derechos Humanos del\nPueblo de Oaxaca, as\u00ed como a los medios de comunicaci\u00f3n y pueblo en general,\nmismo que es firmado por Rodolfo Bautista S\u00e1nchez, Pablo Santiago Bautista y\nPaulino Hern\u00e1ndez Paz, comisariado de Bienes Comunales, presidente y s\u00edndico\nmunicipal de San Juan Mixtepec, respectivamente.<\/p>\n\n\n\n<p>Ambos\npueblos del distrito de Juxtlahuaca enfrentan un a\u00f1ejo conflicto agrario, que\nha dejado muertos, calcinados, desaparecidos e incendio de bosques.<\/p>\n","protected":false},"excerpt":{"rendered":"<p>Evlin Arag\u00f3n\/Zona Roja. Oaxaca de Ju\u00e1rez, Oax., 18 de junio de 2020.- Autoridades municipales y&hellip;<\/p>\n","protected":false},"author":2,"featured_media":13918,"comment_status":"closed","ping_status":"open","sticky":false,"template":"","format":"standard","meta":{"_lmt_disableupdate":"","_lmt_disable":"","_jetpack_memberships_contains_paid_content":false,"footnotes":""},"categories":[109,47],"tags":[1768],"class_list":["post-13917","post","type-post","status-publish","format-standard","has-post-thumbnail","hentry","category-minuto-a-minuto","category-zona-gris","tag-san-juan-mixtepec"],"jetpack_featured_media_url":"https:\/\/zonaroja.com.mx\/wp-content\/uploads\/2020\/06\/San-Juan-Mixtepec-1.jpg","jetpack_sharing_enabled":true,"_links":{"self":[{"href":"https:\/\/zonaroja.com.mx\/index.php?rest_route=\/wp\/v2\/posts\/13917","targetHints":{"allow":["GET"]}}],"collection":[{"href":"https:\/\/zonaroja.com.mx\/index.php?rest_route=\/wp\/v2\/posts"}],"about":[{"href":"https:\/\/zonaroja.com.mx\/index.php?rest_route=\/wp\/v2\/types\/post"}],"author":[{"embeddable":true,"href":"https:\/\/zonaroja.com.mx\/index.php?rest_route=\/wp\/v2\/users\/2"}],"replies":[{"embeddable":true,"href":"https:\/\/zonaroja.com.mx\/index.php?rest_route=%2Fwp%2Fv2%2Fcomments&post=13917"}],"version-history":[{"count":1,"href":"https:\/\/zonaroja.com.mx\/index.php?rest_route=\/wp\/v2\/posts\/13917\/revisions"}],"predecessor-version":[{"id":13919,"href":"https:\/\/zonaroja.com.mx\/index.php?rest_route=\/wp\/v2\/posts\/13917\/revisions\/13919"}],"wp:featuredmedia":[{"embeddable":true,"href":"https:\/\/zonaroja.com.mx\/index.php?rest_route=\/wp\/v2\/media\/13918"}],"wp:attachment":[{"href":"https:\/\/zonaroja.com.mx\/index.php?rest_route=%2Fwp%2Fv2%2Fmedia&parent=13917"}],"wp:term":[{"taxonomy":"category","embeddable":true,"href":"https:\/\/zonaroja.com.mx\/index.php?rest_route=%2Fwp%2Fv2%2Fcategories&post=13917"},{"taxonomy":"post_tag","embeddable":true,"href":"https:\/\/zonaroja.com.mx\/index.php?rest_route=%2Fwp%2Fv2%2Ftags&post=13917"}],"curies":[{"name":"wp","href":"https:\/\/api.w.org\/{rel}","templated":true}]}}