{"id":13926,"date":"2020-06-18T21:17:57","date_gmt":"2020-06-19T02:17:57","guid":{"rendered":"http:\/\/www.zonaroja.com.mx\/?p=13926"},"modified":"2020-06-18T21:17:59","modified_gmt":"2020-06-19T02:17:59","slug":"habitantes-de-zautla-se-oponen-a-sanitizacion-de-calles-dana-dicen","status":"publish","type":"post","link":"https:\/\/zonaroja.com.mx\/?p=13926","title":{"rendered":"Habitantes de Zautla se oponen a \u201csanitizaci\u00f3n\u201d de calles; da\u00f1a, dicen"},"content":{"rendered":"\n<p>Evlin\nArag\u00f3n\/Zona Roja.<\/p>\n\n\n\n<p>Oaxaca\nde Ju\u00e1rez, Oax., 18 de junio de 2020.- \u201cA toda la ciudadan\u00eda en general por el\nbien y la salud de Zautla, que es nuestro pueblo, le pedimos su apoyo para\nevitar la fumigaci\u00f3n en Zautla\u201d, refiere un comunicado urgente emitido por la\npoblaci\u00f3n perteneciente a la regi\u00f3n de los Valles Centrales.<\/p>\n\n\n\n<p>Lo\nanterior en oposici\u00f3n a los trabajos de sanitizaci\u00f3n de calles, banquetas y\npuertas anunciados por la autoridad municipal, en coordinaci\u00f3n con la\nJurisdicci\u00f3n Sanitaria 1 de los Servicios de Salud del Estado de Oaxaca, que se\nllevar\u00e1n a cabo este viernes 19 de junio, con la intenci\u00f3n de reducir el riesgo\nde contagio de Covid-19 en la localidad.<\/p>\n\n\n\n<p>Con\ninformaci\u00f3n confusa y mediante un comunicado, pobladores de municipio refieren\nque la fumigaci\u00f3n se llevara a cabo con el pretexto del mosquito del dengue,\nsin embargo, advierten que, en otras comunidades que ya han realizado este\nprocedimiento, se han registrado m\u00e1s muertes por los qu\u00edmicos dispersados que\npor la pandemia actual.<\/p>\n\n\n\n<p>\u201cQue\nno suceda como en el pueblo vecino, eran dos casos y despu\u00e9s de la fumigaci\u00f3n\naventaron a 10 ya que han sucedido en otros pueblos, qu\u00e9 no se repita esto:\ndefendamos la vida del pueblo y sus habitantes como lo han hecho otras\ncomunidades de los Valles Centrales\u201d, refiere el escrito.<\/p>\n\n\n\n<p>Explican\nque hasta el momento el pueblo est\u00e1 tranquilo y esperan que as\u00ed siga, sin\nmuerto por envenenamiento y la fumigaci\u00f3n; as\u00ed mismo, exponen que las personas\nque est\u00e9n a favor que fumiguen su casa o domicilio pueden hacerlo de manera\npersona no en general como pretenden las autoridades.<\/p>\n\n\n\n<p>Finalmente\nconvocaron a la uni\u00f3n de la poblaci\u00f3n para impedir la entrada de los\nfumigadores y \u201cenvenenadores\u201d, a la par que exigieron a la autoridad suspender\nla actividad programa para este viernes y la responsabilizaron de cualquier\nacto violento que se registre.<\/p>\n\n\n\n<p>\u201cVamos a unirnos para hacer presencia en las dos entradas principales de nuestro pueblo desde muy temprano\u2026 organicemos a nuestros barrios y colonias para evitarlo y que la autoridad suspenda eso y de lo que suceda ser\u00e1n las responsables por que hasta hoy hay tranquilidad en nuestro pueblo.<\/p>\n\n\n\n<p>As\u00ed\nmismo, en la agencia de Alem\u00e1n Zautla utilizan el perifoneo para convocar a la\npoblaci\u00f3n a no salir de sus casas durante la realizaci\u00f3n de esta actividad y\ndos d\u00edas m\u00e1s, asegurando que el l\u00edquido sanitizante es veneno y da\u00f1a la salud\nde las personas.<\/p>\n\n\n\n<p>Por\nsu parte la autoridad municipal, encabezada por Luis Alberto Santos Mart\u00ednez,\nexplic\u00f3 que el l\u00edquido que se va a esparcir es un sanitizante basado en sales\ncuaternarias de quinta generaci\u00f3n, que no causa da\u00f1o al medio ambiente y es\ninofensivo para el ser humano. <\/p>\n\n\n\n<p>Adem\u00e1s,\nque ha sido utilizado con anterioridad en la caseta de vigilancia de la\ncomunidad y veh\u00edculos particulares.<\/p>\n\n\n\n<p>\u201cPresenta\nun mecanismo de acci\u00f3n similar al del cloro o lavandina, adhiri\u00e9ndose a la\nmembrana del virus para inactivarla y evitando as\u00ed, la reproducci\u00f3n de este\u201d.<\/p>\n\n\n\n<p>Finalmente,\nreiteraron la invitaci\u00f3n a la poblaci\u00f3n a participar de forma activa abriendo\nsus ventanas, puertas y portones de sus domicilios al momento que se realice la\nacci\u00f3n programada desde la 8 de la ma\u00f1ana en la localidad.<\/p>\n","protected":false},"excerpt":{"rendered":"<p>Evlin Arag\u00f3n\/Zona Roja. Oaxaca de Ju\u00e1rez, Oax., 18 de junio de 2020.- \u201cA toda la&hellip;<\/p>\n","protected":false},"author":2,"featured_media":13927,"comment_status":"closed","ping_status":"open","sticky":false,"template":"","format":"standard","meta":{"_lmt_disableupdate":"","_lmt_disable":"","_jetpack_memberships_contains_paid_content":false,"footnotes":""},"categories":[109,47],"tags":[1770],"class_list":["post-13926","post","type-post","status-publish","format-standard","has-post-thumbnail","hentry","category-minuto-a-minuto","category-zona-gris","tag-san-andres-zautla"],"jetpack_featured_media_url":"https:\/\/zonaroja.com.mx\/wp-content\/uploads\/2020\/06\/Zautla.jpg","jetpack_sharing_enabled":true,"_links":{"self":[{"href":"https:\/\/zonaroja.com.mx\/index.php?rest_route=\/wp\/v2\/posts\/13926","targetHints":{"allow":["GET"]}}],"collection":[{"href":"https:\/\/zonaroja.com.mx\/index.php?rest_route=\/wp\/v2\/posts"}],"about":[{"href":"https:\/\/zonaroja.com.mx\/index.php?rest_route=\/wp\/v2\/types\/post"}],"author":[{"embeddable":true,"href":"https:\/\/zonaroja.com.mx\/index.php?rest_route=\/wp\/v2\/users\/2"}],"replies":[{"embeddable":true,"href":"https:\/\/zonaroja.com.mx\/index.php?rest_route=%2Fwp%2Fv2%2Fcomments&post=13926"}],"version-history":[{"count":1,"href":"https:\/\/zonaroja.com.mx\/index.php?rest_route=\/wp\/v2\/posts\/13926\/revisions"}],"predecessor-version":[{"id":13928,"href":"https:\/\/zonaroja.com.mx\/index.php?rest_route=\/wp\/v2\/posts\/13926\/revisions\/13928"}],"wp:featuredmedia":[{"embeddable":true,"href":"https:\/\/zonaroja.com.mx\/index.php?rest_route=\/wp\/v2\/media\/13927"}],"wp:attachment":[{"href":"https:\/\/zonaroja.com.mx\/index.php?rest_route=%2Fwp%2Fv2%2Fmedia&parent=13926"}],"wp:term":[{"taxonomy":"category","embeddable":true,"href":"https:\/\/zonaroja.com.mx\/index.php?rest_route=%2Fwp%2Fv2%2Fcategories&post=13926"},{"taxonomy":"post_tag","embeddable":true,"href":"https:\/\/zonaroja.com.mx\/index.php?rest_route=%2Fwp%2Fv2%2Ftags&post=13926"}],"curies":[{"name":"wp","href":"https:\/\/api.w.org\/{rel}","templated":true}]}}