{"id":13932,"date":"2020-06-18T22:11:18","date_gmt":"2020-06-19T03:11:18","guid":{"rendered":"http:\/\/www.zonaroja.com.mx\/?p=13932"},"modified":"2020-06-18T22:11:21","modified_gmt":"2020-06-19T03:11:21","slug":"detienen-a-presunto-narcomenudista-en-juchitan","status":"publish","type":"post","link":"https:\/\/zonaroja.com.mx\/?p=13932","title":{"rendered":"Detienen a presunto \u201cnarcomenudista\u201d en Juchit\u00e1n"},"content":{"rendered":"\n<p>Redacci\u00f3n\/Zona\nroja.<\/p>\n\n\n\n<p>Oaxaca\nde Ju\u00e1rez, Oax., 18 de junio de 2020.- Elementos de la Polic\u00eda Estatal\nrealizaron la detenci\u00f3n de un probable responsable de delitos contra la salud\nen Juchit\u00e1n de Zaragoza, quien portaba al menos 190 dosis de polvo blanco con\ncaracter\u00edsticas de la coca\u00edna.<\/p>\n\n\n\n<p>La\nSecretar\u00eda de Seguridad P\u00fabica de Oaxaca (SSPO) inform\u00f3 que lo anterior es\nparte de los resultados de un despliegue intenso de seguridad e inteligencia en\nla zona del Istmo de Tehuantepec, con el objetivo de atender las denuncias\nciudadanas con resultados contundentes.<\/p>\n\n\n\n<p>Detall\u00f3\nque el detenido dijo responder al nombre de V\u00edctor \u201cN. N.\u201d, quien fue puesto a\ndisposici\u00f3n de las autoridades competentes, para los efectos legales a los que\nhaya lugar.<\/p>\n\n\n\n<p>En\nun comunicado expuso que continuar\u00e1 con el despliegue de disuasi\u00f3n y vigilancia\nen las ocho regiones de la entidad, procurando la seguridad de las familias\noaxaque\u00f1as y reafirmando su compromiso con un Oaxaca en paz.<\/p>\n","protected":false},"excerpt":{"rendered":"<p>Redacci\u00f3n\/Zona roja. Oaxaca de Ju\u00e1rez, Oax., 18 de junio de 2020.- Elementos de la Polic\u00eda&hellip;<\/p>\n","protected":false},"author":2,"featured_media":13933,"comment_status":"closed","ping_status":"open","sticky":false,"template":"","format":"standard","meta":{"_lmt_disableupdate":"","_lmt_disable":"","_jetpack_memberships_contains_paid_content":false,"footnotes":""},"categories":[109,51],"tags":[175],"class_list":["post-13932","post","type-post","status-publish","format-standard","has-post-thumbnail","hentry","category-minuto-a-minuto","category-zona-roja","tag-secretaria-de-seguridad-publica-de-oaxaca"],"jetpack_featured_media_url":"https:\/\/zonaroja.com.mx\/wp-content\/uploads\/2020\/06\/PHOTO-2020-06-18-10-43-13.jpg","jetpack_sharing_enabled":true,"_links":{"self":[{"href":"https:\/\/zonaroja.com.mx\/index.php?rest_route=\/wp\/v2\/posts\/13932","targetHints":{"allow":["GET"]}}],"collection":[{"href":"https:\/\/zonaroja.com.mx\/index.php?rest_route=\/wp\/v2\/posts"}],"about":[{"href":"https:\/\/zonaroja.com.mx\/index.php?rest_route=\/wp\/v2\/types\/post"}],"author":[{"embeddable":true,"href":"https:\/\/zonaroja.com.mx\/index.php?rest_route=\/wp\/v2\/users\/2"}],"replies":[{"embeddable":true,"href":"https:\/\/zonaroja.com.mx\/index.php?rest_route=%2Fwp%2Fv2%2Fcomments&post=13932"}],"version-history":[{"count":1,"href":"https:\/\/zonaroja.com.mx\/index.php?rest_route=\/wp\/v2\/posts\/13932\/revisions"}],"predecessor-version":[{"id":13934,"href":"https:\/\/zonaroja.com.mx\/index.php?rest_route=\/wp\/v2\/posts\/13932\/revisions\/13934"}],"wp:featuredmedia":[{"embeddable":true,"href":"https:\/\/zonaroja.com.mx\/index.php?rest_route=\/wp\/v2\/media\/13933"}],"wp:attachment":[{"href":"https:\/\/zonaroja.com.mx\/index.php?rest_route=%2Fwp%2Fv2%2Fmedia&parent=13932"}],"wp:term":[{"taxonomy":"category","embeddable":true,"href":"https:\/\/zonaroja.com.mx\/index.php?rest_route=%2Fwp%2Fv2%2Fcategories&post=13932"},{"taxonomy":"post_tag","embeddable":true,"href":"https:\/\/zonaroja.com.mx\/index.php?rest_route=%2Fwp%2Fv2%2Ftags&post=13932"}],"curies":[{"name":"wp","href":"https:\/\/api.w.org\/{rel}","templated":true}]}}