{"id":13940,"date":"2020-06-19T07:41:42","date_gmt":"2020-06-19T12:41:42","guid":{"rendered":"http:\/\/www.zonaroja.com.mx\/?p=13940"},"modified":"2020-06-19T07:41:46","modified_gmt":"2020-06-19T12:41:46","slug":"morena-se-alia-con-el-pvem-otrora-apendice-del-pri-y-el-pt","status":"publish","type":"post","link":"https:\/\/zonaroja.com.mx\/?p=13940","title":{"rendered":"Morena se al\u00eda con el PVEM, otrora ap\u00e9ndice del PRI, y el PT"},"content":{"rendered":"\n<p>Redacci\u00f3n\/Zona Roja Cdmx.<\/p>\n\n\n\n<p>Ciudad de M\u00e9xico, 19 de junio de 2020.-\nOtrora ap\u00e9ndice por d\u00e9cadas del PRI, el Partido Morena escogi\u00f3 al PVEM y al PT\npara defender al Presidente de M\u00e9xico y en el futuro cercano, una probable\nalianza electoral.<\/p>\n\n\n\n<p>Ayer en una conferencia conjunta los\ndirigentes nacionales de Morena, el Partido del Trabajo (PT) y el Verde\nEcologista de M\u00e9xico (PVEM) anunciaron acciones en defensa del presidente y de\nla Cuarta Transformaci\u00f3n.<\/p>\n\n\n\n<p>Alfonso Ram\u00edrez Cu\u00e9llar, presidente de\nMorena, convoc\u00f3 a una jornada nacional virtual de di\u00e1logos y organizaci\u00f3n en\ndefensa del Presidente para el 4 de julio. Aunque asegur\u00f3 que el tema de\nposibles coaliciones se ver\u00e1 despu\u00e9s, el petista Alberto Anaya llam\u00f3 a mesas de\ntrabajo entre los tres partidos para formar un frente unitario y construir un\nproyecto electoral de cara a los comicios de 2021.<\/p>\n\n\n\n<p>\u201cLa jornada nacional de di\u00e1logo ser\u00e1 una\ngran conversaci\u00f3n virtual, de organizaci\u00f3n para respaldar a nuestro Presidente\nde la Rep\u00fablica, para auxiliar y reforzar las medidas que representan la\nemergencia sanitaria, y tambi\u00e9n de acercamiento y comunicaci\u00f3n con todos los\nsectores sociales y, a partir de ah\u00ed, desarrollar todas las medidas que nos\npermitan conservar esto que es muy preciado para M\u00e9xico, que es el valor de la\nestabilidad social y pol\u00edtica que tenemos que conservar\u201d, indic\u00f3 Ram\u00edrez\nCu\u00e9llar desde la sede nacional del PT.<\/p>\n\n\n\n<p>Ricardo Anaya, por su parte, se sum\u00f3 a\nlas jornadas nacionales propuestas por el dirigente de Morena, y agreg\u00f3 que\nest\u00e1 por arrancar el periodo electoral, por lo que se debe construir un\nproyecto unitario por todo lo que se juega el a\u00f1o que entra.<\/p>\n\n\n\n<p>En tanto que el dirigente del Verde\nEcologista, Carlos Puente, sostuvo que los verdecologistas est\u00e1n abiertos a\nconstruir un di\u00e1logo para crear una agenda com\u00fan.<\/p>\n","protected":false},"excerpt":{"rendered":"<p>Redacci\u00f3n\/Zona Roja Cdmx. Ciudad de M\u00e9xico, 19 de junio de 2020.- Otrora ap\u00e9ndice por d\u00e9cadas&hellip;<\/p>\n","protected":false},"author":2,"featured_media":13941,"comment_status":"closed","ping_status":"open","sticky":false,"template":"","format":"standard","meta":{"_lmt_disableupdate":"","_lmt_disable":"","_jetpack_memberships_contains_paid_content":false,"footnotes":""},"categories":[109,47],"tags":[582],"class_list":["post-13940","post","type-post","status-publish","format-standard","has-post-thumbnail","hentry","category-minuto-a-minuto","category-zona-gris","tag-partido-morena"],"jetpack_featured_media_url":"https:\/\/zonaroja.com.mx\/wp-content\/uploads\/2020\/06\/Alianza-partidos.jpg","jetpack_sharing_enabled":true,"_links":{"self":[{"href":"https:\/\/zonaroja.com.mx\/index.php?rest_route=\/wp\/v2\/posts\/13940","targetHints":{"allow":["GET"]}}],"collection":[{"href":"https:\/\/zonaroja.com.mx\/index.php?rest_route=\/wp\/v2\/posts"}],"about":[{"href":"https:\/\/zonaroja.com.mx\/index.php?rest_route=\/wp\/v2\/types\/post"}],"author":[{"embeddable":true,"href":"https:\/\/zonaroja.com.mx\/index.php?rest_route=\/wp\/v2\/users\/2"}],"replies":[{"embeddable":true,"href":"https:\/\/zonaroja.com.mx\/index.php?rest_route=%2Fwp%2Fv2%2Fcomments&post=13940"}],"version-history":[{"count":1,"href":"https:\/\/zonaroja.com.mx\/index.php?rest_route=\/wp\/v2\/posts\/13940\/revisions"}],"predecessor-version":[{"id":13942,"href":"https:\/\/zonaroja.com.mx\/index.php?rest_route=\/wp\/v2\/posts\/13940\/revisions\/13942"}],"wp:featuredmedia":[{"embeddable":true,"href":"https:\/\/zonaroja.com.mx\/index.php?rest_route=\/wp\/v2\/media\/13941"}],"wp:attachment":[{"href":"https:\/\/zonaroja.com.mx\/index.php?rest_route=%2Fwp%2Fv2%2Fmedia&parent=13940"}],"wp:term":[{"taxonomy":"category","embeddable":true,"href":"https:\/\/zonaroja.com.mx\/index.php?rest_route=%2Fwp%2Fv2%2Fcategories&post=13940"},{"taxonomy":"post_tag","embeddable":true,"href":"https:\/\/zonaroja.com.mx\/index.php?rest_route=%2Fwp%2Fv2%2Ftags&post=13940"}],"curies":[{"name":"wp","href":"https:\/\/api.w.org\/{rel}","templated":true}]}}