{"id":13943,"date":"2020-06-19T07:46:48","date_gmt":"2020-06-19T12:46:48","guid":{"rendered":"http:\/\/www.zonaroja.com.mx\/?p=13943"},"modified":"2020-06-19T07:46:51","modified_gmt":"2020-06-19T12:46:51","slug":"diputadas-exigen-reparacion-del-dano-a-victimas-de-desaparicion-en-tuxtepec","status":"publish","type":"post","link":"https:\/\/zonaroja.com.mx\/?p=13943","title":{"rendered":"Diputadas exigen reparaci\u00f3n del da\u00f1o a v\u00edctimas de desaparici\u00f3n en Tuxtepec"},"content":{"rendered":"\n<p>Redacci\u00f3n\/Zona Roja.<\/p>\n\n\n\n<p>Oaxaca de Ju\u00e1rez, Oax. 19 de junio de\n2020. Diputadas integrantes de la 64 Legislatura del Congreso de Oaxaca,\nllamaron a las autoridades estatales a aplicar las pol\u00edticas y acciones que\nestablece la ley en materia de personas desaparecidas en la entidad.\nEspec\u00edficamente, por los casos ocurridos en los \u00faltimos meses en el municipio\nde San Juan Bautista Tuxtepec.&nbsp;&nbsp;&nbsp;&nbsp;&nbsp;&nbsp; <\/p>\n\n\n\n<p>Mediante diversas proposiciones\npromovidas por las congresistas, Laura Estrada Mauro, Hilda Graciela P\u00e9rez\nLuis, Mar\u00eda de Jes\u00fas Mendoza S\u00e1nchez, Karina Espino Carmona y Roc\u00edo Machuca\nRojas, solicitan justicia para las j\u00f3venes F\u00e1tima Moreno, Isabel P\u00e9rez, Itzel\nGonz\u00e1lez y Casandra Ram\u00edrez, desaparecidas en esa ciudad.<\/p>\n\n\n\n<p>El llamado dirigido al titular del Ejecutivo\nestatal, la Fiscal\u00eda General del Estado, la Defensor\u00eda de los Derechos Humanos\ndel Pueblo de Oaxaca y al Tribunal Superior de Justicia del Estado, es para que\ninvestiguen, sancionen, reparen el da\u00f1o y las violaciones a derechos humanos\ncometidos en contra de mujeres v\u00edctimas de desaparici\u00f3n.<\/p>\n\n\n\n<p>Tambi\u00e9n, para que se realicen las\ninvestigaciones necesarias con perspectiva de g\u00e9nero, enfoque interseccional y\ndiferenciado, observando el protocolo de investigaci\u00f3n, ministerial, pericial y\npolicial por el delito de feminicidio. Lo anterior para que de manera inmediata\nse capture a los responsables de este delito.<\/p>\n\n\n\n<p>Al titular del Poder Judicial, solicitan\nque todas las actuaciones sean apegadas a derecho y se garantice el acceso a la\njusticia para las v\u00edctimas del delito de desaparici\u00f3n y feminicidio.<\/p>\n\n\n\n<p>Las representantes populares, exhortan\nrespetar en todo momento los derechos humanos, y aquellos casos que sean\nvinculados a proceso, se resuelvan conforme a derecho y atendiendo los tratados\ninternacionales y la normatividad que protege a las v\u00edctimas, teniendo como\nfinalidad la justicia y reparaci\u00f3n del da\u00f1o para las mismas.<\/p>\n\n\n\n<p>Adem\u00e1s, piden al titular del Poder\nEjecutivo que a la brevedad env\u00ede al Congreso del Estado, la terna para la\nelecci\u00f3n del o la titular de la Comisi\u00f3n de B\u00fasqueda de Personas Desaparecidas\npara el Estado de Oaxaca.<\/p>\n\n\n\n<p>De igual forma, que la Fiscal\u00eda General\ndel Estado cumpla con la Ley en Materia de Desaparici\u00f3n de Personas para el\nEstado de Oaxaca, y constituya la Fiscal\u00eda Especializada de Personas\nDesaparecidas.<\/p>\n\n\n\n<p>Tambi\u00e9n, que remita de manera puntual y\ndetallada, un informe sobre el estado que guardan las investigaciones en torno\na las v\u00edctimas F\u00e1tima Moreno, Isabel P\u00e9rez, Itzel Gonz\u00e1lez y Casandra Ram\u00edrez,\nacaecidas en la regi\u00f3n de Tuxtepec.<\/p>\n\n\n\n<p>Los puntos de acuerdo presentados ante\nla Diputaci\u00f3n Permanente fueron turnados a la Comisi\u00f3n Permanente\ncorrespondiente para su an\u00e1lisis y dictamen.<\/p>\n","protected":false},"excerpt":{"rendered":"<p>Redacci\u00f3n\/Zona Roja. Oaxaca de Ju\u00e1rez, Oax. 19 de junio de 2020. Diputadas integrantes de la&hellip;<\/p>\n","protected":false},"author":2,"featured_media":13944,"comment_status":"closed","ping_status":"open","sticky":false,"template":"","format":"standard","meta":{"_lmt_disableupdate":"","_lmt_disable":"","_jetpack_memberships_contains_paid_content":false,"footnotes":""},"categories":[109,47],"tags":[213],"class_list":["post-13943","post","type-post","status-publish","format-standard","has-post-thumbnail","hentry","category-minuto-a-minuto","category-zona-gris","tag-64-legislatura-de-oaxaca"],"jetpack_featured_media_url":"https:\/\/zonaroja.com.mx\/wp-content\/uploads\/2020\/06\/FOTO-1.1-Diputadas-Laura-Estrada-Mauro-Roc\u00edo-Machuca-Rojas-Hilda-Graciela-P\u00e9rez-Luis-Mar\u00eda-de-Jes\u00fas-Mendoza-S\u00e1nchez-y-Karina-Espino-Carmona.jpg","jetpack_sharing_enabled":true,"_links":{"self":[{"href":"https:\/\/zonaroja.com.mx\/index.php?rest_route=\/wp\/v2\/posts\/13943","targetHints":{"allow":["GET"]}}],"collection":[{"href":"https:\/\/zonaroja.com.mx\/index.php?rest_route=\/wp\/v2\/posts"}],"about":[{"href":"https:\/\/zonaroja.com.mx\/index.php?rest_route=\/wp\/v2\/types\/post"}],"author":[{"embeddable":true,"href":"https:\/\/zonaroja.com.mx\/index.php?rest_route=\/wp\/v2\/users\/2"}],"replies":[{"embeddable":true,"href":"https:\/\/zonaroja.com.mx\/index.php?rest_route=%2Fwp%2Fv2%2Fcomments&post=13943"}],"version-history":[{"count":1,"href":"https:\/\/zonaroja.com.mx\/index.php?rest_route=\/wp\/v2\/posts\/13943\/revisions"}],"predecessor-version":[{"id":13945,"href":"https:\/\/zonaroja.com.mx\/index.php?rest_route=\/wp\/v2\/posts\/13943\/revisions\/13945"}],"wp:featuredmedia":[{"embeddable":true,"href":"https:\/\/zonaroja.com.mx\/index.php?rest_route=\/wp\/v2\/media\/13944"}],"wp:attachment":[{"href":"https:\/\/zonaroja.com.mx\/index.php?rest_route=%2Fwp%2Fv2%2Fmedia&parent=13943"}],"wp:term":[{"taxonomy":"category","embeddable":true,"href":"https:\/\/zonaroja.com.mx\/index.php?rest_route=%2Fwp%2Fv2%2Fcategories&post=13943"},{"taxonomy":"post_tag","embeddable":true,"href":"https:\/\/zonaroja.com.mx\/index.php?rest_route=%2Fwp%2Fv2%2Ftags&post=13943"}],"curies":[{"name":"wp","href":"https:\/\/api.w.org\/{rel}","templated":true}]}}