{"id":13949,"date":"2020-06-19T11:03:24","date_gmt":"2020-06-19T16:03:24","guid":{"rendered":"http:\/\/www.zonaroja.com.mx\/?p=13949"},"modified":"2020-06-19T11:03:27","modified_gmt":"2020-06-19T16:03:27","slug":"garantiza-poder-judicial-actuacion-transparente-y-apegada-a-derecho-en-caso-acatlan","status":"publish","type":"post","link":"https:\/\/zonaroja.com.mx\/?p=13949","title":{"rendered":"Garantiza Poder Judicial actuaci\u00f3n transparente y apegada a derecho en caso Acatl\u00e1n"},"content":{"rendered":"\n<p>Redacci\u00f3n\/Zona Roja.<\/p>\n\n\n\n<p>Oaxaca de Ju\u00e1rez, Oax., 19 de junio de\n2020.- El Poder Judicial de Oaxaca asegur\u00f3 que mantiene el compromiso de actuar\ncon responsabilidad, total apego a la ley y rechazo a la impunidad en cada uno\nde los asuntos que le corresponde resolver, como lo manda la sociedad.<\/p>\n\n\n\n<p>Por ello, en un comunicado, inform\u00f3 que con\nrespecto al caso del presunto homicidio del adolescente A.M.G., ocurrido en\nAcatl\u00e1n de P\u00e9rez Figueroa el 9 de junio pasado, el Juez de Control del Circuito\nJudicial de la Cuenca, sede Tuxtepec, en una actuaci\u00f3n comprometida e imparcial\ny valorando los elementos probatorios emitidos oralmente por el fiscal y la\ndefensa, determin\u00f3 dictar auto de vinculaci\u00f3n a proceso a S.R.R., ex polic\u00eda de\nese municipio.<\/p>\n\n\n\n<p>Inform\u00f3 que la audiencia de ampliaci\u00f3n\nde plazo constitucional, en la causa penal 107\/2020, se desarroll\u00f3 el pasado\nmi\u00e9rcoles 17 de junio, a trav\u00e9s de un procedimiento acusatorio y oral\ntransparente, tanto para los imputados como para los familiares de la v\u00edctima,\nen el que se cumpli\u00f3 con el objetivo de esclarecer los hechos, proteger a los\ninocentes y procurar que los responsables no queden impunes.<\/p>\n\n\n\n<p>Expuso que una vez que se desahogaron\nlos datos de pruebas ofrecidas por el imputado y su defensa, el juez de Control\nprocedi\u00f3 a valorar todos y cada uno de los elementos probatorios, por lo cual\ndetermin\u00f3 dictar auto de vinculaci\u00f3n a proceso con esta misma fecha 17 de junio\nde 2020, e imponer la medida cautelar de prisi\u00f3n preventiva oficiosa.<\/p>\n\n\n\n<p>El imputado cumplir\u00e1 la medida en el\nCentro Penitenciario de Santo Domingo Tehuantepec, Oaxaca, concedi\u00e9ndose el\nplazo de dos meses para el cierre de la investigaci\u00f3n complementaria en dicho\nasunto.<\/p>\n\n\n\n<p>\u201cComo lo ha puntualizado el magistrado\nEduardo Pinacho S\u00e1nchez, presidente del Tribunal Superior de Justicia y del\nConsejo de la Judicatura, en todos los casos, pero de manera particular, en los\nasuntos relacionados con temas sensibles, el Poder Judicial de Oaxaca, act\u00faa de\nmanera cuidadosa, con apego a los derechos humanos y conforme a la ley\u201d,\nremarc\u00f3.<\/p>\n","protected":false},"excerpt":{"rendered":"<p>Redacci\u00f3n\/Zona Roja. Oaxaca de Ju\u00e1rez, Oax., 19 de junio de 2020.- El Poder Judicial de&hellip;<\/p>\n","protected":false},"author":2,"featured_media":13950,"comment_status":"closed","ping_status":"open","sticky":false,"template":"","format":"standard","meta":{"_lmt_disableupdate":"","_lmt_disable":"","_jetpack_memberships_contains_paid_content":false,"footnotes":""},"categories":[109,46],"tags":[223],"class_list":["post-13949","post","type-post","status-publish","format-standard","has-post-thumbnail","hentry","category-minuto-a-minuto","category-zona-blanca","tag-poder-judicial-de-oaxaca"],"jetpack_featured_media_url":"https:\/\/zonaroja.com.mx\/wp-content\/uploads\/2020\/06\/Sala-juicio-oral.jpg","jetpack_sharing_enabled":true,"_links":{"self":[{"href":"https:\/\/zonaroja.com.mx\/index.php?rest_route=\/wp\/v2\/posts\/13949","targetHints":{"allow":["GET"]}}],"collection":[{"href":"https:\/\/zonaroja.com.mx\/index.php?rest_route=\/wp\/v2\/posts"}],"about":[{"href":"https:\/\/zonaroja.com.mx\/index.php?rest_route=\/wp\/v2\/types\/post"}],"author":[{"embeddable":true,"href":"https:\/\/zonaroja.com.mx\/index.php?rest_route=\/wp\/v2\/users\/2"}],"replies":[{"embeddable":true,"href":"https:\/\/zonaroja.com.mx\/index.php?rest_route=%2Fwp%2Fv2%2Fcomments&post=13949"}],"version-history":[{"count":1,"href":"https:\/\/zonaroja.com.mx\/index.php?rest_route=\/wp\/v2\/posts\/13949\/revisions"}],"predecessor-version":[{"id":13951,"href":"https:\/\/zonaroja.com.mx\/index.php?rest_route=\/wp\/v2\/posts\/13949\/revisions\/13951"}],"wp:featuredmedia":[{"embeddable":true,"href":"https:\/\/zonaroja.com.mx\/index.php?rest_route=\/wp\/v2\/media\/13950"}],"wp:attachment":[{"href":"https:\/\/zonaroja.com.mx\/index.php?rest_route=%2Fwp%2Fv2%2Fmedia&parent=13949"}],"wp:term":[{"taxonomy":"category","embeddable":true,"href":"https:\/\/zonaroja.com.mx\/index.php?rest_route=%2Fwp%2Fv2%2Fcategories&post=13949"},{"taxonomy":"post_tag","embeddable":true,"href":"https:\/\/zonaroja.com.mx\/index.php?rest_route=%2Fwp%2Fv2%2Ftags&post=13949"}],"curies":[{"name":"wp","href":"https:\/\/api.w.org\/{rel}","templated":true}]}}