{"id":13958,"date":"2020-06-19T13:56:09","date_gmt":"2020-06-19T18:56:09","guid":{"rendered":"http:\/\/www.zonaroja.com.mx\/?p=13958"},"modified":"2020-06-19T13:56:13","modified_gmt":"2020-06-19T18:56:13","slug":"defiende-morenista-a-uro-retiro-de-placas-del-ex-gobernador-y-rito-salinas","status":"publish","type":"post","link":"https:\/\/zonaroja.com.mx\/?p=13958","title":{"rendered":"Defiende morenista a URO retiro de placas del ex gobernador y Rito Salinas"},"content":{"rendered":"\n<p>Yuridiana Sosa\/Zona Roja.<\/p>\n\n\n\n<p>Oaxaca de Ju\u00e1rez, Oax., 19 de junio de\n2020.- A manera de s\u00edmbolo de justicia por los agravios del 2006, el pleno de\nla 64 Legislatura de Oaxaca aprob\u00f3 el retiro de las placas conmemorativas del\nex gobernador Ulises Ruiz Ortiz y de Bulmaro Rito Salinas, instaladas en el\nrecinto legislativo.<\/p>\n\n\n\n<p>En su primera sesi\u00f3n virtual &#8211;hecho hist\u00f3rico\nen la entidad&#8211;, los diputados oaxaque\u00f1os votaron la propuesta presentada el\npasado 12 de junio por el presidente de la Junta de Coordinaci\u00f3n Pol\u00edtica de\nOaxaca (Jucupo), Horacio Sosa Villavicencio.<\/p>\n\n\n\n<p>La decisi\u00f3n se aval\u00f3 con 30 votos a\nfavor, por lo que la 64 Legislatura de Oaxaca orden\u00f3 a la Secretar\u00eda de Asuntos\nAdministrativos el retiro inmediato de las placas conmemorativas del ex\nmandatario estatal y del ex presidente de la Gran Comisi\u00f3n del Congreso, Rito\nSalinas.<\/p>\n\n\n\n<p>Ambos ex funcionarios son se\u00f1alados por\nel informe de la Comisi\u00f3n de la Verdad \u201cYa sabemos. No m\u00e1s impunidad en\nOaxaca\u201d, en 2016, como responsable de graves violaciones a los derechos humanos\ncometidas en el conflicto sociopol\u00edtico de 2006-2007.<\/p>\n\n\n\n<p>EL DEFENSOR<\/p>\n\n\n\n<p>Durante la sesi\u00f3n virtual, el diputado\npor Morena, Luis Alfonso Silva Romo, expres\u00f3 su desacuerdo de la acci\u00f3n\naprobada, pues consider\u00f3 que borrar evidencias f\u00edsicas no contribuyen a la\nmemoria hist\u00f3rica, por lo que dijo se debe ser cuidado en esa materia.<\/p>\n\n\n\n<p>\u201cMe parece que tenemos que ser muy\ncautos, porque independientemente de los juicios que haga la historia de los\nactores, creo que borrar la historia nunca ha sido bueno ni ser\u00e1 bueno.<\/p>\n\n\n\n<p>\u201cFinalmente las personas que han ocupado\ncargos los han ocupado y los juicios de la historia son muy claros y\nverdaderos, pero no creo que borrar evidencias f\u00edsicas de ese tipo pues\ncontribuyan a la memoria\u2026 no lo veo prudente, no lo considero bueno\u201d, dijo,\nquien fue beneficiado en el sexenio de Ruiz Ortiz con un fiat notarial.<\/p>\n\n\n\n<p>Mientras que su compa\u00f1ero legislador,\nPavel M\u00e9ndez, de Morena, indic\u00f3 que el retir\u00f3 significar\u00e1 un acto de justicia\npara el pueblo oaxaque\u00f1o agraviado hace 14 a\u00f1os.<\/p>\n\n\n\n<p>La placa, dijo con anterioridad Sosa\nVillavicencio, \u201crepresenta una afrenta a la memoria hist\u00f3rica del pueblo, a\nquienes fueron asesinadas, desaparecidas, torturadas, y al pueblo agraviado\u201d.<\/p>\n","protected":false},"excerpt":{"rendered":"<p>Yuridiana Sosa\/Zona Roja. Oaxaca de Ju\u00e1rez, Oax., 19 de junio de 2020.- A manera de&hellip;<\/p>\n","protected":false},"author":2,"featured_media":13959,"comment_status":"closed","ping_status":"open","sticky":false,"template":"","format":"standard","meta":{"_lmt_disableupdate":"","_lmt_disable":"","_jetpack_memberships_contains_paid_content":false,"footnotes":""},"categories":[109,47],"tags":[213],"class_list":["post-13958","post","type-post","status-publish","format-standard","has-post-thumbnail","hentry","category-minuto-a-minuto","category-zona-gris","tag-64-legislatura-de-oaxaca"],"jetpack_featured_media_url":"https:\/\/zonaroja.com.mx\/wp-content\/uploads\/2020\/06\/Sesi\u00f3n-virtual-Congreso.jpg","jetpack_sharing_enabled":true,"_links":{"self":[{"href":"https:\/\/zonaroja.com.mx\/index.php?rest_route=\/wp\/v2\/posts\/13958","targetHints":{"allow":["GET"]}}],"collection":[{"href":"https:\/\/zonaroja.com.mx\/index.php?rest_route=\/wp\/v2\/posts"}],"about":[{"href":"https:\/\/zonaroja.com.mx\/index.php?rest_route=\/wp\/v2\/types\/post"}],"author":[{"embeddable":true,"href":"https:\/\/zonaroja.com.mx\/index.php?rest_route=\/wp\/v2\/users\/2"}],"replies":[{"embeddable":true,"href":"https:\/\/zonaroja.com.mx\/index.php?rest_route=%2Fwp%2Fv2%2Fcomments&post=13958"}],"version-history":[{"count":1,"href":"https:\/\/zonaroja.com.mx\/index.php?rest_route=\/wp\/v2\/posts\/13958\/revisions"}],"predecessor-version":[{"id":13960,"href":"https:\/\/zonaroja.com.mx\/index.php?rest_route=\/wp\/v2\/posts\/13958\/revisions\/13960"}],"wp:featuredmedia":[{"embeddable":true,"href":"https:\/\/zonaroja.com.mx\/index.php?rest_route=\/wp\/v2\/media\/13959"}],"wp:attachment":[{"href":"https:\/\/zonaroja.com.mx\/index.php?rest_route=%2Fwp%2Fv2%2Fmedia&parent=13958"}],"wp:term":[{"taxonomy":"category","embeddable":true,"href":"https:\/\/zonaroja.com.mx\/index.php?rest_route=%2Fwp%2Fv2%2Fcategories&post=13958"},{"taxonomy":"post_tag","embeddable":true,"href":"https:\/\/zonaroja.com.mx\/index.php?rest_route=%2Fwp%2Fv2%2Ftags&post=13958"}],"curies":[{"name":"wp","href":"https:\/\/api.w.org\/{rel}","templated":true}]}}