{"id":13964,"date":"2020-06-19T15:52:55","date_gmt":"2020-06-19T20:52:55","guid":{"rendered":"http:\/\/www.zonaroja.com.mx\/?p=13964"},"modified":"2020-06-19T16:04:23","modified_gmt":"2020-06-19T21:04:23","slug":"garcia-jarquin-edil-de-la-capital-renta-edificio-en-santa-lucia-del-camino","status":"publish","type":"post","link":"https:\/\/zonaroja.com.mx\/?p=13964","title":{"rendered":"Garc\u00eda Jarqu\u00edn, edil de la capital, renta edificio\u2026 en Santa Luc\u00eda del Camino"},"content":{"rendered":"\n<p>Redacci\u00f3n\/Zona Roja.<\/p>\n\n\n\n<p>Oaxaca de Ju\u00e1rez, Oax., 18 de junio de\n2020.- Un edificio de al menos tres niveles, reci\u00e9n construido, es rentado como\noficinas de gobierno por el ayuntamiento de Oaxaca de Ju\u00e1rez, pero en jurisdicci\u00f3n\nde Santa Luc\u00eda del Camino.<\/p>\n\n\n\n<p>Desde hace al menos tres semanas,\ncamionetas con distintivos del gobierno municipal de la capital, algunas con la\nleyenda de Centro Hist\u00f3rico en el parabrisas, llegan al inmueble ocupado como\noficinas en la calle Tulipanes de la colonia del Bosque, del vecino municipio.<\/p>\n\n\n\n<p>Sobre esta situaci\u00f3n, el gobierno de Oswaldo Garc\u00eda Jarqu\u00edn no ha emitido informaci\u00f3n; sin embargo, presume el reconocimiento del colectivo Ciudadanos por Municipios Transparentes (Cimtra) que lo calific\u00f3 en sexto lugar en transparencia de durante la contingencia por Covid-19.<\/p>\n\n\n\n<figure class=\"wp-block-embed-twitter wp-block-embed is-type-rich is-provider-twitter\"><div class=\"wp-block-embed__wrapper\">\n<div class=\"twitter-tweet\"><blockquote class=\"twitter-tweet\" data-lang=\"es\"><p lang=\"es\" dir=\"ltr\"><a href=\"https:\/\/twitter.com\/hashtag\/OaxacaGris?src=hash&amp;ref_src=twsrc%5Etfw\">#OaxacaGris<\/a><br>El <a href=\"https:\/\/twitter.com\/MunicipioOaxaca?ref_src=twsrc%5Etfw\">@MunicipioOaxaca<\/a> que preside el edil <a href=\"https:\/\/twitter.com\/oswaldogarciaj?ref_src=twsrc%5Etfw\">@oswaldogarciaj<\/a>, reci\u00e9n rent\u00f3 un edificio para el \u00e1rea del Centro Hist\u00f3rico de la capital, pero el inmueble est\u00e1 ubicado en otro municipio: colonia del Bosque Norte, Santa Luc\u00eda del Camino. \u00bfQu\u00e9 le parece? <a href=\"https:\/\/t.co\/IhVPTC5esg\">pic.twitter.com\/IhVPTC5esg<\/a><\/p>&mdash; Zona Roja Oaxaca (@MexRoja) <a href=\"https:\/\/twitter.com\/MexRoja\/status\/1273990780433006592?ref_src=twsrc%5Etfw\">19 de junio de 2020<\/a><\/blockquote><\/div>\n<\/div><\/figure>\n\n\n\n<p>En una revisi\u00f3n realizada por ZONA ROJA,\nse concluy\u00f3 que el portal del gobierno municipal tampoco cuenta con informaci\u00f3n\nreciente de la aprobaci\u00f3n del cabildo para arrendar un complejo.<\/p>\n\n\n\n<p>En el apartado de Sesiones de Cabildo,\ndel portal municipal, cuenta como dato m\u00e1s reciente una sesi\u00f3n realizada una\nsesi\u00f3n ordinaria del mi\u00e9rcoles 11 de diciembre de 2019, mientras que alojado en\nel micrositio relacionado al Covid-19, se localiza la informaci\u00f3n de otras\nsesiones del 18 de marzo al 30 de mayo de este a\u00f1o, todas relacionadas con\nmedidas de prevenci\u00f3n para contener la propagaci\u00f3n del virus en la capital.<\/p>\n","protected":false},"excerpt":{"rendered":"<p>Redacci\u00f3n\/Zona Roja. Oaxaca de Ju\u00e1rez, Oax., 18 de junio de 2020.- Un edificio de al&hellip;<\/p>\n","protected":false},"author":2,"featured_media":13965,"comment_status":"closed","ping_status":"open","sticky":false,"template":"","format":"standard","meta":{"_lmt_disableupdate":"","_lmt_disable":"","_jetpack_memberships_contains_paid_content":false,"footnotes":""},"categories":[109,47],"tags":[148,115],"class_list":["post-13964","post","type-post","status-publish","format-standard","has-post-thumbnail","hentry","category-minuto-a-minuto","category-zona-gris","tag-oaxaca-de-juarez","tag-oswaldo-garcia-jarquin"],"jetpack_featured_media_url":"https:\/\/zonaroja.com.mx\/wp-content\/uploads\/2020\/06\/Edificio-rentado.png","jetpack_sharing_enabled":true,"_links":{"self":[{"href":"https:\/\/zonaroja.com.mx\/index.php?rest_route=\/wp\/v2\/posts\/13964","targetHints":{"allow":["GET"]}}],"collection":[{"href":"https:\/\/zonaroja.com.mx\/index.php?rest_route=\/wp\/v2\/posts"}],"about":[{"href":"https:\/\/zonaroja.com.mx\/index.php?rest_route=\/wp\/v2\/types\/post"}],"author":[{"embeddable":true,"href":"https:\/\/zonaroja.com.mx\/index.php?rest_route=\/wp\/v2\/users\/2"}],"replies":[{"embeddable":true,"href":"https:\/\/zonaroja.com.mx\/index.php?rest_route=%2Fwp%2Fv2%2Fcomments&post=13964"}],"version-history":[{"count":2,"href":"https:\/\/zonaroja.com.mx\/index.php?rest_route=\/wp\/v2\/posts\/13964\/revisions"}],"predecessor-version":[{"id":13967,"href":"https:\/\/zonaroja.com.mx\/index.php?rest_route=\/wp\/v2\/posts\/13964\/revisions\/13967"}],"wp:featuredmedia":[{"embeddable":true,"href":"https:\/\/zonaroja.com.mx\/index.php?rest_route=\/wp\/v2\/media\/13965"}],"wp:attachment":[{"href":"https:\/\/zonaroja.com.mx\/index.php?rest_route=%2Fwp%2Fv2%2Fmedia&parent=13964"}],"wp:term":[{"taxonomy":"category","embeddable":true,"href":"https:\/\/zonaroja.com.mx\/index.php?rest_route=%2Fwp%2Fv2%2Fcategories&post=13964"},{"taxonomy":"post_tag","embeddable":true,"href":"https:\/\/zonaroja.com.mx\/index.php?rest_route=%2Fwp%2Fv2%2Ftags&post=13964"}],"curies":[{"name":"wp","href":"https:\/\/api.w.org\/{rel}","templated":true}]}}