{"id":13970,"date":"2020-06-19T18:55:08","date_gmt":"2020-06-19T23:55:08","guid":{"rendered":"http:\/\/www.zonaroja.com.mx\/?p=13970"},"modified":"2020-06-19T18:55:12","modified_gmt":"2020-06-19T23:55:12","slug":"amoltepec-exige-justicia-a-fiscalia-o-actuara-e-instalara-policias-comunitarias","status":"publish","type":"post","link":"https:\/\/zonaroja.com.mx\/?p=13970","title":{"rendered":"Amoltepec exige justicia a Fiscal\u00eda o actuar\u00e1 e instalar\u00e1 polic\u00edas comunitarias"},"content":{"rendered":"\n<p>Yuridiana Sosa\/Zona Roja.<\/p>\n\n\n\n<p>Oaxaca de Ju\u00e1rez, Oax., 19 de junio de\n2020.- Por una serie de asesinatos contra sus habitantes y contra integrantes\ndel Cabildo, el ayuntamiento de Santiago Amoltepec exigi\u00f3 a la Fiscal\u00eda General\ndel Estado, esclarecimiento de hechos, as\u00ed como demand\u00f3 al gobierno estatal y al\nfederal seguridad y paz en la poblaci\u00f3n.<\/p>\n\n\n\n<p>Las autoridades municipales sentenciaron\nque, de no existir atenci\u00f3n al derecho de justicia y protecci\u00f3n por ambos\nniveles de gobierno, implementar\u00e1n su propia seguridad comunitaria y \u201caplicaremos\nnuestra justicia\u201d.<\/p>\n\n\n\n<p>A trav\u00e9s de un comunicado, el Cabildo de\nSantiago Amoltepec, municipio de la regi\u00f3n Sierra Sur, primero conden\u00f3 el\ntriple homicidio contra sus habitantes el pasado 14 de junio, del cual rechaz\u00f3\nlas versiones que relacionan el hecho con la reciente elecci\u00f3n de las\nautoridades locales, por lo que exigi\u00f3 esclarecimiento y justicia.<\/p>\n\n\n\n<p>Destac\u00f3 que un grupo de personas que no\nfueron favorecidas con la elecci\u00f3n y relacionadas con funcionarios estatales,\npretende desestabilizar a la comunidad.<\/p>\n\n\n\n<p>Pero, adem\u00e1s, denunci\u00f3 que en d\u00edas\npasados pretendieron privar de la vida al presidente municipal, a su suplente,\nal tesorero municipal y a la regidora de Salud, hechos que la autoridad\nrelacion\u00f3 con sus nombramientos como funcionarios.&nbsp; <\/p>\n\n\n\n<p>Santiago Amoltepec, apuntaron, ha sido\nv\u00edctima de omisiones en la justicia por parte de la Fiscal\u00eda de Oaxaca en una\nserie de hechos, entre ellos el asesinato ocurrido el 12 de octubre de 2019\ncontra uno de sus habitantes, en el que el responsable est\u00e1 plenamente\nidentificado, pero no actuaron las autoridades estatales.<\/p>\n\n\n\n<p>Con esa misma situaci\u00f3n, est\u00e1 impune el\ndelito del 19 de diciembre de 2019 en el que privaron de la vida a Gaspar\nTorres, as\u00ed como el asesinato de Abel Hern\u00e1ndez Ojeda, de la comunidad de Pueblo\nViejo, en el que tambi\u00e9n los responsables est\u00e1n identificados.<\/p>\n\n\n\n<p>Por lo que apuntaron: \u201cDe no encontrar\ncon el respaldo de las autoridades estatales y federales, el pueblo de Santiago\nAmoltepec, en uso de nuestro derecho a la libre determinaci\u00f3n y autonom\u00eda,\nimplementaremos nuestra propia seguridad comunitaria y aplicaremos nuestra\njusticia, pues no queremos m\u00e1s muertos en este pueblo lo que queremos es\nseguridad paz y armon\u00eda\u201d.<\/p>\n\n\n\n<p>Pues destacaron que tampoco han tenido\nrespuesta de las instancias de seguridad p\u00fablica estatal y federal, a los que\nse suma la falta de actividad a favor de la poblaci\u00f3n de los elementos de la\nPolic\u00eda Estatal y el Ej\u00e9rcito Mexicano con base de operaciones en el centro de\nla comunidad.<\/p>\n","protected":false},"excerpt":{"rendered":"<p>Yuridiana Sosa\/Zona Roja. Oaxaca de Ju\u00e1rez, Oax., 19 de junio de 2020.- Por una serie&hellip;<\/p>\n","protected":false},"author":2,"featured_media":13971,"comment_status":"closed","ping_status":"open","sticky":false,"template":"","format":"standard","meta":{"_lmt_disableupdate":"","_lmt_disable":"","_jetpack_memberships_contains_paid_content":false,"footnotes":""},"categories":[109,47],"tags":[860],"class_list":["post-13970","post","type-post","status-publish","format-standard","has-post-thumbnail","hentry","category-minuto-a-minuto","category-zona-gris","tag-santiago-amoltepec"],"jetpack_featured_media_url":"https:\/\/zonaroja.com.mx\/wp-content\/uploads\/2020\/06\/Oficio-Cabildo-Amoltepec.jpg","jetpack_sharing_enabled":true,"_links":{"self":[{"href":"https:\/\/zonaroja.com.mx\/index.php?rest_route=\/wp\/v2\/posts\/13970","targetHints":{"allow":["GET"]}}],"collection":[{"href":"https:\/\/zonaroja.com.mx\/index.php?rest_route=\/wp\/v2\/posts"}],"about":[{"href":"https:\/\/zonaroja.com.mx\/index.php?rest_route=\/wp\/v2\/types\/post"}],"author":[{"embeddable":true,"href":"https:\/\/zonaroja.com.mx\/index.php?rest_route=\/wp\/v2\/users\/2"}],"replies":[{"embeddable":true,"href":"https:\/\/zonaroja.com.mx\/index.php?rest_route=%2Fwp%2Fv2%2Fcomments&post=13970"}],"version-history":[{"count":1,"href":"https:\/\/zonaroja.com.mx\/index.php?rest_route=\/wp\/v2\/posts\/13970\/revisions"}],"predecessor-version":[{"id":13972,"href":"https:\/\/zonaroja.com.mx\/index.php?rest_route=\/wp\/v2\/posts\/13970\/revisions\/13972"}],"wp:featuredmedia":[{"embeddable":true,"href":"https:\/\/zonaroja.com.mx\/index.php?rest_route=\/wp\/v2\/media\/13971"}],"wp:attachment":[{"href":"https:\/\/zonaroja.com.mx\/index.php?rest_route=%2Fwp%2Fv2%2Fmedia&parent=13970"}],"wp:term":[{"taxonomy":"category","embeddable":true,"href":"https:\/\/zonaroja.com.mx\/index.php?rest_route=%2Fwp%2Fv2%2Fcategories&post=13970"},{"taxonomy":"post_tag","embeddable":true,"href":"https:\/\/zonaroja.com.mx\/index.php?rest_route=%2Fwp%2Fv2%2Ftags&post=13970"}],"curies":[{"name":"wp","href":"https:\/\/api.w.org\/{rel}","templated":true}]}}