{"id":13973,"date":"2020-06-19T19:57:26","date_gmt":"2020-06-20T00:57:26","guid":{"rendered":"http:\/\/www.zonaroja.com.mx\/?p=13973"},"modified":"2020-06-19T20:04:15","modified_gmt":"2020-06-20T01:04:15","slug":"refugio-de-la-tia-migue-te-invita-a-adoptar-cachorros-este-sabado","status":"publish","type":"post","link":"https:\/\/zonaroja.com.mx\/?p=13973","title":{"rendered":"Refugio de la \u201cT\u00eda Migue\u201d te invita a adoptar cachorros este s\u00e1bado"},"content":{"rendered":"\n<p>Evlin Arag\u00f3n\/Zona Roja.<\/p>\n\n\n\n<p>Oaxaca de Ju\u00e1rez, Oax., 19 de junio de\n2020.- \u201cBuddha\u201d, \u201cBella\u201d, \u201cPablo\u201d y \u201cPulga\u201d son cuatro peque\u00f1os cachorros que\neste fin de semana buscan conseguir una familia que les d\u00e9 alimento, un techo,\ntrato digno y mucho amor.<\/p>\n\n\n\n<p>Los cuatro se unen a \u201cSiena\u201d, \u201cRita\u201d, \u201cAmaya\u201d,\n\u201cFloripondia\u201d, \u201cSombra\u201d, \u201cMancha\u201d, \u201cMiel\u201d y \u201cNova\u201d, quienes tambi\u00e9n forman\nparte de la campa\u00f1a de adopciones \u201cSolo para llevar\u201d, que promueven desde el\nRefugio de la \u201cT\u00eda Migue\u201d, ubicado en inmediaciones de la Villa de Zaachila.<\/p>\n\n\n\n<p>Pese a la contingencia sanitaria, la campa\u00f1a de adopci\u00f3n se llevar\u00e1 a cabo este s\u00e1bado 20 de junio, de manera itinerante para evitar conglomeraci\u00f3n, raz\u00f3n por la que los voluntarios van a caminar con los perros sobre el Andador Tur\u00edstico de la ciudad de Oaxaca, entre la plazuela del Carmen Alto y la calle Berrioz\u00e1bal de cuatro a siete de la tarde.<\/p>\n\n\n\n<p>\u201cPuedes hacer el compromiso antes del\ns\u00e1bado o puedes venir a caminar con sana distancia el s\u00e1bado y adoptar en este\nmomento\u201d, refiere la publicaci\u00f3n que han hecho a trav\u00e9s de su p\u00e1gina de\ninternet y las redes sociales.<\/p>\n\n\n\n<p>Los requisitos para la adopci\u00f3n\nconsisten en rellenar un formato denominado \u201cacta de responsabilidad\u201d en la que\nevidentemente la persona se compromete a darle un hogar y trato digno al\nanimalito, as\u00ed como se pide una cuota de recuperaci\u00f3n que permita continuar con\nlas esterilizaciones y atenci\u00f3n de perros abandonados.<\/p>\n\n\n\n<p>A las personas que ya tienen la\nintenci\u00f3n de adoptar, se les pide que lleven consigo una correa y collar para\npoderse llevar al nuevo integrante de su familia y si se trata de un cachorro,\nesta incluye el carnet de vacunaci\u00f3n y una bolsita de alimento.<\/p>\n\n\n\n<p>Debido a la contingencia sanitaria,\npiden a todas y todos los asistentes llevar cubreboca y seguir las medidas de\nsana distancia, para evitar el riesgo de contagio por Covid-19, as\u00ed mismo\nrecuerda la importancia de adoptar y no comprar.<\/p>\n\n\n\n<p>Hace m\u00e1s de 15 a\u00f1os, \u201cT\u00eda Migue\u201d recoge\ny ayuda a perros en situaci\u00f3n de calle en Zaachila y los alrededores del\nmunicipio. Lo hace con sus propios recursos y con el apoyo de gente de buen\ncoraz\u00f3n que se ha unido en las diferentes campa\u00f1as que han implementado, con\nmayor fuerza desde el a\u00f1o pasado.<\/p>\n","protected":false},"excerpt":{"rendered":"<p>Evlin Arag\u00f3n\/Zona Roja. Oaxaca de Ju\u00e1rez, Oax., 19 de junio de 2020.- \u201cBuddha\u201d, \u201cBella\u201d, \u201cPablo\u201d&hellip;<\/p>\n","protected":false},"author":2,"featured_media":13974,"comment_status":"closed","ping_status":"open","sticky":false,"template":"","format":"standard","meta":{"_lmt_disableupdate":"","_lmt_disable":"","_jetpack_memberships_contains_paid_content":false,"footnotes":""},"categories":[109,46],"tags":[1772],"class_list":["post-13973","post","type-post","status-publish","format-standard","has-post-thumbnail","hentry","category-minuto-a-minuto","category-zona-blanca","tag-refugio-de-la-tia-migue"],"jetpack_featured_media_url":"https:\/\/zonaroja.com.mx\/wp-content\/uploads\/2020\/06\/Mascotas.jpg","jetpack_sharing_enabled":true,"_links":{"self":[{"href":"https:\/\/zonaroja.com.mx\/index.php?rest_route=\/wp\/v2\/posts\/13973","targetHints":{"allow":["GET"]}}],"collection":[{"href":"https:\/\/zonaroja.com.mx\/index.php?rest_route=\/wp\/v2\/posts"}],"about":[{"href":"https:\/\/zonaroja.com.mx\/index.php?rest_route=\/wp\/v2\/types\/post"}],"author":[{"embeddable":true,"href":"https:\/\/zonaroja.com.mx\/index.php?rest_route=\/wp\/v2\/users\/2"}],"replies":[{"embeddable":true,"href":"https:\/\/zonaroja.com.mx\/index.php?rest_route=%2Fwp%2Fv2%2Fcomments&post=13973"}],"version-history":[{"count":2,"href":"https:\/\/zonaroja.com.mx\/index.php?rest_route=\/wp\/v2\/posts\/13973\/revisions"}],"predecessor-version":[{"id":13976,"href":"https:\/\/zonaroja.com.mx\/index.php?rest_route=\/wp\/v2\/posts\/13973\/revisions\/13976"}],"wp:featuredmedia":[{"embeddable":true,"href":"https:\/\/zonaroja.com.mx\/index.php?rest_route=\/wp\/v2\/media\/13974"}],"wp:attachment":[{"href":"https:\/\/zonaroja.com.mx\/index.php?rest_route=%2Fwp%2Fv2%2Fmedia&parent=13973"}],"wp:term":[{"taxonomy":"category","embeddable":true,"href":"https:\/\/zonaroja.com.mx\/index.php?rest_route=%2Fwp%2Fv2%2Fcategories&post=13973"},{"taxonomy":"post_tag","embeddable":true,"href":"https:\/\/zonaroja.com.mx\/index.php?rest_route=%2Fwp%2Fv2%2Ftags&post=13973"}],"curies":[{"name":"wp","href":"https:\/\/api.w.org\/{rel}","templated":true}]}}