{"id":13983,"date":"2020-06-19T22:33:40","date_gmt":"2020-06-20T03:33:40","guid":{"rendered":"http:\/\/www.zonaroja.com.mx\/?p=13983"},"modified":"2020-06-19T22:33:43","modified_gmt":"2020-06-20T03:33:43","slug":"denuncian-en-huajuapan-nula-investigacion-de-fiscalia-en-muerte-de-mujer","status":"publish","type":"post","link":"https:\/\/zonaroja.com.mx\/?p=13983","title":{"rendered":"Denuncian en Huajuapan nula investigaci\u00f3n de Fiscal\u00eda en muerte de mujer"},"content":{"rendered":"\n<p>Redacci\u00f3n\/Zona Roja.<\/p>\n\n\n\n<p>Oaxaca de Ju\u00e1rez, Oax., 19 de junio de\n2020.- Familiares de una mujer que muri\u00f3 por presunta negligencia m\u00e9dica tras\ndar a luz a su beb\u00e9, protestaron hoy en el Centro de Justicia de Huajuapan de\nLe\u00f3n, para exigir una investigaci\u00f3n \u00e1gil y alto a la impunidad.<\/p>\n\n\n\n<p>Asimismo, recriminaron la nula acci\u00f3n por\nparte de la Fiscal\u00eda General del Estado de Oaxaca, a m\u00e1s de un mes de ocurridos\nlos hechos. <\/p>\n\n\n\n<p>Con cartulinas, se\u00f1alaron que se quedaron\ncinco hijos en la orfandad; Roc\u00edo R. L. \u201cno muri\u00f3 por Covid-19, fue negligencia\u201d,\n\u201cNo m\u00e1s justicia a ciegas\u201d, son parte de los letreros que portaron, con el\napoyo de transportistas de la Confederaci\u00f3n Aut\u00f3noma de Trabajadores y\nEmpleados de M\u00e9xico (CATEM).<\/p>\n\n\n\n<p>De acuerdo con el esposo de Roc\u00edo, Marco\nAntonio Santiago Rojas, al momento no hay seguimiento al caso por parte de las\nautoridades de procuraci\u00f3n de justicia, en este caso la Vicefiscal\u00eda Regional\nde la Mixteca.<\/p>\n\n\n\n<p>\u201cNo queremos que quede impune y que se\nresuelva ya; hemos dado nuestras vueltas y no nos han dicho nada; s\u00f3lo nos\ndicen que no pueden checarlo. La muerte de mi esposa fue desde el hospital, no\npor Covid\u201d, dijo.<\/p>\n\n\n\n<p>Inform\u00f3 que interpuso una denuncia en\ncontra del hospital \u201cDra. Pilar S\u00e1nchez Villavicencio\u201d de Huajuapan y contra\nuna cl\u00ednica privada denominada \u201cJardines del Sur\u201d; \u201cnadie se ha comunicado con\nnosotros, nadie ha dado la cara\u201d, manifest\u00f3.<\/p>\n\n\n\n<p>La mujer falleci\u00f3 el 11 de mayo pasado, un d\u00eda despu\u00e9s del D\u00eda de las Madres, mientras pudo dar a luz a su beb\u00e9, que dio positivo al Covid-19.<\/p>\n","protected":false},"excerpt":{"rendered":"<p>Redacci\u00f3n\/Zona Roja. Oaxaca de Ju\u00e1rez, Oax., 19 de junio de 2020.- Familiares de una mujer&hellip;<\/p>\n","protected":false},"author":2,"featured_media":13984,"comment_status":"closed","ping_status":"open","sticky":false,"template":"","format":"standard","meta":{"_lmt_disableupdate":"","_lmt_disable":"","_jetpack_memberships_contains_paid_content":false,"footnotes":""},"categories":[109,47],"tags":[594],"class_list":["post-13983","post","type-post","status-publish","format-standard","has-post-thumbnail","hentry","category-minuto-a-minuto","category-zona-gris","tag-huajuapan-de-leon"],"jetpack_featured_media_url":"https:\/\/zonaroja.com.mx\/wp-content\/uploads\/2020\/06\/Protesta-Roc\u00edo-Huajuapan.jpg","jetpack_sharing_enabled":true,"_links":{"self":[{"href":"https:\/\/zonaroja.com.mx\/index.php?rest_route=\/wp\/v2\/posts\/13983","targetHints":{"allow":["GET"]}}],"collection":[{"href":"https:\/\/zonaroja.com.mx\/index.php?rest_route=\/wp\/v2\/posts"}],"about":[{"href":"https:\/\/zonaroja.com.mx\/index.php?rest_route=\/wp\/v2\/types\/post"}],"author":[{"embeddable":true,"href":"https:\/\/zonaroja.com.mx\/index.php?rest_route=\/wp\/v2\/users\/2"}],"replies":[{"embeddable":true,"href":"https:\/\/zonaroja.com.mx\/index.php?rest_route=%2Fwp%2Fv2%2Fcomments&post=13983"}],"version-history":[{"count":1,"href":"https:\/\/zonaroja.com.mx\/index.php?rest_route=\/wp\/v2\/posts\/13983\/revisions"}],"predecessor-version":[{"id":13985,"href":"https:\/\/zonaroja.com.mx\/index.php?rest_route=\/wp\/v2\/posts\/13983\/revisions\/13985"}],"wp:featuredmedia":[{"embeddable":true,"href":"https:\/\/zonaroja.com.mx\/index.php?rest_route=\/wp\/v2\/media\/13984"}],"wp:attachment":[{"href":"https:\/\/zonaroja.com.mx\/index.php?rest_route=%2Fwp%2Fv2%2Fmedia&parent=13983"}],"wp:term":[{"taxonomy":"category","embeddable":true,"href":"https:\/\/zonaroja.com.mx\/index.php?rest_route=%2Fwp%2Fv2%2Fcategories&post=13983"},{"taxonomy":"post_tag","embeddable":true,"href":"https:\/\/zonaroja.com.mx\/index.php?rest_route=%2Fwp%2Fv2%2Ftags&post=13983"}],"curies":[{"name":"wp","href":"https:\/\/api.w.org\/{rel}","templated":true}]}}