{"id":13986,"date":"2020-06-20T07:37:52","date_gmt":"2020-06-20T12:37:52","guid":{"rendered":"http:\/\/www.zonaroja.com.mx\/?p=13986"},"modified":"2020-06-20T07:37:56","modified_gmt":"2020-06-20T12:37:56","slug":"y-quien-finalmente-ordeno-liberar-al-hijo-de-el-chapo-guzman","status":"publish","type":"post","link":"https:\/\/zonaroja.com.mx\/?p=13986","title":{"rendered":"\u00bfY qui\u00e9n finalmente orden\u00f3 liberar al hijo de \u201cEl Chapo\u201d Guzm\u00e1n?"},"content":{"rendered":"\n<p>Redacci\u00f3n\/Zona Roja Cdmx.<\/p>\n\n\n\n<p>Ciudad de M\u00e9xico, 20 de junio de 2020.-\nOcho meses despu\u00e9s de los hechos, el Presidente Andr\u00e9s Manuel L\u00f3pez Obrador, reconoci\u00f3\nayer desde el estado de Morelos, que \u00e9l dio la orden de liberar a Ovidio Guzm\u00e1n,\nhijo del narcotraficante Joaqu\u00edn \u201cEl Chapo\u201d Guzm\u00e1n.<\/p>\n\n\n\n<p>\u201cCuando se decidi\u00f3, para no poner en\nriesgo a la poblaci\u00f3n, para que no se afectara a civiles, porque iban a perder\nla vida si no suspend\u00edamos el operativo m\u00e1s de 200 personas inocentes en\nCuliac\u00e1n, Sinaloa, y se tom\u00f3 la decisi\u00f3n, yo orden\u00e9 que se detuviera ese\noperativo y que se dejara en libertad a este presunto delincuente\u201d, dijo ayer\nen conferencia de prensa matutina.<\/p>\n\n\n\n<p>Sin embargo, con su versi\u00f3n, suman tres\nquienes han asumido la responsabilidad de la aprehensi\u00f3n y posterior liberaci\u00f3n\nde Ovidio, el 17 de octubre de 2019, en Culiac\u00e1n, Sinaloa.<\/p>\n\n\n\n<p>El d\u00eda de los hechos, el secretario de\nSeguridad y Protecci\u00f3n Ciudadana, Alfonso Durazo, dijo los uniformados, que ya\nhab\u00edan capturado a Ovidio en un hecho fortuito, decidieron retirarse ante la\npresencia de un mayor n\u00famero de elementos armados que pretend\u00edan rescatar al\njoven.<\/p>\n\n\n\n<p>Al d\u00eda siguiente, durante la conferencia\nhabitual, el Presidente L\u00f3pez Obrador dijo desde Oaxaca:<\/p>\n\n\n\n<p>\u201cLa decisi\u00f3n la tom\u00f3 el gabinete de\nseguridad, de manera conjunta, los secretarios de la Defensa, de Marina, de\nSeguridad P\u00fablica. Yo respald\u00e9 esa postura porque considero que lo m\u00e1s\nimportante es la protecci\u00f3n de las personas\u201d. <\/p>\n\n\n\n<p>El 5 de noviembre, durante su\ncomparecencia en el Senado, Alfonso Durazo reforz\u00f3 la versi\u00f3n: <\/p>\n\n\n\n<p>\u201cNadie (en el gobierno federal) decidi\u00f3\nliberar Ovidio. Nunca contamos con la orden de detenci\u00f3n, porque en el momento\nen que \u00e9sta se plantea a las instancias correspondientes, empieza la\nmovilizaci\u00f3n criminal en Culiac\u00e1n (Sinaloa) y r\u00e1pidamente aquello se volvi\u00f3\npr\u00e1cticamente inmanejable. <\/p>\n\n\n\n<p>\u201cY lo que nosotros hicimos fue ordenar\nel retiro del personal, que como se ha visto en diversos videos que no hemos\ntenido jam\u00e1s la intenci\u00f3n de ocultar y que con toda transparencia se hicieron\nde conocimiento p\u00fablico. <\/p>\n\n\n\n<p>\u201cAs\u00ed es que los integrantes del gabinete\nde seguridad, mi almirante Ojeda; el general Sandoval; y un servidor tomamos la\ndecisi\u00f3n de com\u00fan acuerdo del repliegue de nuestro personal a\u00fan y cuando no\nfuese posible, en virtud de las circunstancias, de llevar detenido al\nperseguido\u201d. <\/p>\n\n\n\n<p>(Con informaci\u00f3n de \u201cEl Universal\u201d)<\/p>\n","protected":false},"excerpt":{"rendered":"<p>Redacci\u00f3n\/Zona Roja Cdmx. Ciudad de M\u00e9xico, 20 de junio de 2020.- Ocho meses despu\u00e9s de&hellip;<\/p>\n","protected":false},"author":2,"featured_media":13987,"comment_status":"closed","ping_status":"open","sticky":false,"template":"","format":"standard","meta":{"_lmt_disableupdate":"","_lmt_disable":"","_jetpack_memberships_contains_paid_content":false,"footnotes":""},"categories":[109,47],"tags":[887],"class_list":["post-13986","post","type-post","status-publish","format-standard","has-post-thumbnail","hentry","category-minuto-a-minuto","category-zona-gris","tag-ovidio-guzman-lopez"],"jetpack_featured_media_url":"https:\/\/zonaroja.com.mx\/wp-content\/uploads\/2020\/06\/Detenci\u00f3n-Ovidio.jpg","jetpack_sharing_enabled":true,"_links":{"self":[{"href":"https:\/\/zonaroja.com.mx\/index.php?rest_route=\/wp\/v2\/posts\/13986","targetHints":{"allow":["GET"]}}],"collection":[{"href":"https:\/\/zonaroja.com.mx\/index.php?rest_route=\/wp\/v2\/posts"}],"about":[{"href":"https:\/\/zonaroja.com.mx\/index.php?rest_route=\/wp\/v2\/types\/post"}],"author":[{"embeddable":true,"href":"https:\/\/zonaroja.com.mx\/index.php?rest_route=\/wp\/v2\/users\/2"}],"replies":[{"embeddable":true,"href":"https:\/\/zonaroja.com.mx\/index.php?rest_route=%2Fwp%2Fv2%2Fcomments&post=13986"}],"version-history":[{"count":1,"href":"https:\/\/zonaroja.com.mx\/index.php?rest_route=\/wp\/v2\/posts\/13986\/revisions"}],"predecessor-version":[{"id":13988,"href":"https:\/\/zonaroja.com.mx\/index.php?rest_route=\/wp\/v2\/posts\/13986\/revisions\/13988"}],"wp:featuredmedia":[{"embeddable":true,"href":"https:\/\/zonaroja.com.mx\/index.php?rest_route=\/wp\/v2\/media\/13987"}],"wp:attachment":[{"href":"https:\/\/zonaroja.com.mx\/index.php?rest_route=%2Fwp%2Fv2%2Fmedia&parent=13986"}],"wp:term":[{"taxonomy":"category","embeddable":true,"href":"https:\/\/zonaroja.com.mx\/index.php?rest_route=%2Fwp%2Fv2%2Fcategories&post=13986"},{"taxonomy":"post_tag","embeddable":true,"href":"https:\/\/zonaroja.com.mx\/index.php?rest_route=%2Fwp%2Fv2%2Ftags&post=13986"}],"curies":[{"name":"wp","href":"https:\/\/api.w.org\/{rel}","templated":true}]}}