{"id":13989,"date":"2020-06-20T07:50:38","date_gmt":"2020-06-20T12:50:38","guid":{"rendered":"http:\/\/www.zonaroja.com.mx\/?p=13989"},"modified":"2020-06-20T07:50:41","modified_gmt":"2020-06-20T12:50:41","slug":"avanza-en-oaxaca-implementacion-de-la-reforma-laboral","status":"publish","type":"post","link":"https:\/\/zonaroja.com.mx\/?p=13989","title":{"rendered":"Avanza en Oaxaca implementaci\u00f3n de la reforma laboral"},"content":{"rendered":"\n<p>Redacci\u00f3n\/Zona Roja.<\/p>\n\n\n\n<p>Oaxaca de Ju\u00e1rez, Oax., 20 de junio de 2020.-\nComo parte de las acciones para la implementaci\u00f3n de la reforma en materia de justicia\nlaboral en Oaxaca, la Escuela Judicial, en coordinaci\u00f3n con las Comisiones de\nImplementaci\u00f3n de Reformas Judiciales y de Carrera Judicial en materia de\nJusticia Laboral del Consejo de la Judicatura del Poder Judicial del Estado,\nimpartieron el \u201cCurso de iniciaci\u00f3n y actualizaci\u00f3n sobre la Reforma en materia\nde Justicia Laboral\u201d.<\/p>\n\n\n\n<p>Promulgada el 1 de mayo de 2019, dicha\nreforma no s\u00f3lo implica cambios en las Juntas de Conciliaci\u00f3n y Arbitraje y los\nsindicatos, tambi\u00e9n tendr\u00e1 un impacto en la labor del Poder Judicial, con la\ncreaci\u00f3n de juzgados especializados en las regiones de la entidad, que deber\u00e1n\nadecuarse al sistema oral para impartir justicia y dar celeridad a las\ncontroversias de esta \u00edndole, con la finalidad de sea uno de los factores para\nla atracci\u00f3n de inversiones y la generaci\u00f3n de empleo.<\/p>\n\n\n\n<p>El curso, impartido por el presidente de\nla Junta Local de Conciliaci\u00f3n y Arbitraje en el Estado, Licenciado V\u00edctor\nAlberto Quiroz Arellanes tuvo como objetivo, actualizar de manera universal y\nprogresiva a las y los interesados que buscan desarrollar un conocimiento\npuntual de la reforma secundaria en materia de justicia laboral, en espec\u00edfico,\na la Ley Federal del Trabajo.<\/p>\n\n\n\n<p>En este sentido, en respuesta a la\nconvocatoria emitida por el Poder Judicial del Estado, 93 servidoras y\nservidores p\u00fablicos del \u00f3rgano de impartici\u00f3n de justicia, de las Juntas de\nConciliaci\u00f3n y Arbitraje, funcionarios p\u00fablicos relacionados con la materia\nlaboral, as\u00ed como abogadas y abogados en general, participaron en la\ncapacitaci\u00f3n, a trav\u00e9s de una plataforma de video conferencias.<\/p>\n\n\n\n<p>Las y los servidores judiciales expusieron\nque la implementaci\u00f3n de la reforma en la entidad, implica una nueva forma de\nimpartici\u00f3n de justicia, sobre todo porque se privilegiar\u00e1 la oralidad en los\nprocedimientos, por esa raz\u00f3n, es necesario de fortalecer los conocimientos de\nlas y los operadores, adem\u00e1s conocer la situaci\u00f3n del derecho del trabajo en\nAm\u00e9rica Latina.<\/p>\n\n\n\n<p>Entre los temas m\u00e1s importantes, se\nrevisaron el contexto social e internacional de la reforma laboral, las\nimplicaciones de la misma, sus bases constitucionales y en general el nuevo\nsistema de justicia laboral en M\u00e9xico, as\u00ed como los alcances y retos a superar\nen el estado en esta materia, considerada un parteaguas a nivel nacional.<\/p>\n\n\n\n<p>El Instituto de la Judicatura Federal,\nen coordinaci\u00f3n con la Unidad de Implementaci\u00f3n de la Reforma en Materia de\nJusticia Laboral, construyeron el Plan Integral de Formaci\u00f3n y Selecci\u00f3n en\nMateria de Justicia Laboral, el cual consta de 4 ejes rectores:\nsensibilizaci\u00f3n, actualizaci\u00f3n, especializaci\u00f3n y selecci\u00f3n, para garantizar su\ncorrecta aplicaci\u00f3n.<\/p>\n","protected":false},"excerpt":{"rendered":"<p>Redacci\u00f3n\/Zona Roja. Oaxaca de Ju\u00e1rez, Oax., 20 de junio de 2020.- Como parte de las&hellip;<\/p>\n","protected":false},"author":2,"featured_media":13990,"comment_status":"closed","ping_status":"open","sticky":false,"template":"","format":"standard","meta":{"_lmt_disableupdate":"","_lmt_disable":"","_jetpack_memberships_contains_paid_content":false,"footnotes":""},"categories":[109,46],"tags":[223],"class_list":["post-13989","post","type-post","status-publish","format-standard","has-post-thumbnail","hentry","category-minuto-a-minuto","category-zona-blanca","tag-poder-judicial-de-oaxaca"],"jetpack_featured_media_url":"https:\/\/zonaroja.com.mx\/wp-content\/uploads\/2020\/06\/01-1.jpg","jetpack_sharing_enabled":true,"_links":{"self":[{"href":"https:\/\/zonaroja.com.mx\/index.php?rest_route=\/wp\/v2\/posts\/13989","targetHints":{"allow":["GET"]}}],"collection":[{"href":"https:\/\/zonaroja.com.mx\/index.php?rest_route=\/wp\/v2\/posts"}],"about":[{"href":"https:\/\/zonaroja.com.mx\/index.php?rest_route=\/wp\/v2\/types\/post"}],"author":[{"embeddable":true,"href":"https:\/\/zonaroja.com.mx\/index.php?rest_route=\/wp\/v2\/users\/2"}],"replies":[{"embeddable":true,"href":"https:\/\/zonaroja.com.mx\/index.php?rest_route=%2Fwp%2Fv2%2Fcomments&post=13989"}],"version-history":[{"count":1,"href":"https:\/\/zonaroja.com.mx\/index.php?rest_route=\/wp\/v2\/posts\/13989\/revisions"}],"predecessor-version":[{"id":13991,"href":"https:\/\/zonaroja.com.mx\/index.php?rest_route=\/wp\/v2\/posts\/13989\/revisions\/13991"}],"wp:featuredmedia":[{"embeddable":true,"href":"https:\/\/zonaroja.com.mx\/index.php?rest_route=\/wp\/v2\/media\/13990"}],"wp:attachment":[{"href":"https:\/\/zonaroja.com.mx\/index.php?rest_route=%2Fwp%2Fv2%2Fmedia&parent=13989"}],"wp:term":[{"taxonomy":"category","embeddable":true,"href":"https:\/\/zonaroja.com.mx\/index.php?rest_route=%2Fwp%2Fv2%2Fcategories&post=13989"},{"taxonomy":"post_tag","embeddable":true,"href":"https:\/\/zonaroja.com.mx\/index.php?rest_route=%2Fwp%2Fv2%2Ftags&post=13989"}],"curies":[{"name":"wp","href":"https:\/\/api.w.org\/{rel}","templated":true}]}}