{"id":13996,"date":"2020-06-20T11:14:35","date_gmt":"2020-06-20T16:14:35","guid":{"rendered":"http:\/\/www.zonaroja.com.mx\/?p=13996"},"modified":"2020-06-20T11:14:39","modified_gmt":"2020-06-20T16:14:39","slug":"convocan-a-tuitazo-de-protesta-contra-violencia-feminicida-en-oaxaca","status":"publish","type":"post","link":"https:\/\/zonaroja.com.mx\/?p=13996","title":{"rendered":"Convocan a \u201ctuitazo\u201d de protesta contra violencia feminicida en Oaxaca"},"content":{"rendered":"\n<p>Evlin Arag\u00f3n\/Zona Roja.<\/p>\n\n\n\n<p>Oaxaca de Ju\u00e1rez, Oax., 20 de junio de 2020.- Colectivos de mujeres y feministas en Oaxaca convocan a un \u201ctuitazo\u201d de protesta este lunes 22 de junio a partir de las 12:00 horas, con la intenci\u00f3n de evidenciar el aumento de la violencia feminicida en la entidad.<\/p>\n\n\n\n<p>La lista de agravios en contra de las\nmujeres en larga; sin embargo, las recientes desapariciones y feminicidios en\nTuxtepec han encendido las alertas de los colectivos en defensa de los derechos\nde las mujeres, que ante la contingencia responden con ciberactivismo para\ndenunciar y exigir justicia por los hechos.<\/p>\n\n\n\n<p>\u201cEs evidente que el gobierno de\nAlejandro Murat no tiene ning\u00fan inter\u00e9s en atender a este importante sector de\nla poblaci\u00f3n que son las mujeres en Oaxaca, a pesar de que la cifras y la\nevidencia con cada vez mayores\u201d, denunciaron a este medio informativo.<\/p>\n\n\n\n<p>El horror que se vive actualmente en\nTuxtepec ya ha generado amplia indignaci\u00f3n en las redes sociales e incluso\nprotestas en las calles en exigencia de justicia para F\u00e1tima y Casandra, as\u00ed como\nla aparici\u00f3n con vida de las j\u00f3venes que a\u00fan no han sido localizadas desde hace\nmeses, ante la omisi\u00f3n por parte de las autoridades de seguridad y procuraci\u00f3n\nde justicia. <\/p>\n\n\n\n<p>A lo anterior se une la reciente\nviolaci\u00f3n a los derechos de las mujeres Ikoots de San Mateo del Mar y las\namenazas feminicidas contra integrantes de Consorcio Oaxaca, luego de la\nintensa campa\u00f1a que realizaron solicitando justicia para la familia de la\nperiodista Soledad Jarqu\u00edn.<\/p>\n\n\n\n<p>As\u00ed mismo, la violencia institucional a la que se enfrent\u00f3 Jaquelina Escamilla, ex directora del Instituto Municipal de las Mujeres de Oaxaca de Ju\u00e1rez; los casos de acoso sexual al interior de los planteles del Colegio de Bachilleres de Oaxaca, un caso m\u00e1s reportado en una primaria de Juchit\u00e1n.<\/p>\n\n\n\n<p>El tema de la revictimizaci\u00f3n de mujeres\nen la Universidad del Istmo y los tendederos de denuncias en la Universidad del\nMar, la mayor\u00eda sin sanciones contundentes hacia los agresores debido a la\ncomplicidad entre las autoridades. <\/p>\n\n\n\n<p>Ello sin dejar de nombrar el caso de la\nsaxofonista Mar\u00eda Elena R\u00edos Ortiz, quien fue atacada por un ex diputado local,\ncon los suficientes contactos pol\u00edticos que, de no haber sido por la presi\u00f3n\nsocial, le hubieran servido para librar el castigo.<\/p>\n\n\n\n<p>Por todo lo anterior, han decidido\nunirse para la realizaci\u00f3n de un \u201ctuitazo\u201d que pueda extenderse a nivel\nnacional e internacional para exigir pol\u00edticas p\u00fablicas contundentes a favor de\nlas mujeres, as\u00ed como garant\u00edas de justicia y seguridad en una entidad que por\nsu inacci\u00f3n es feminicida.<\/p>\n\n\n\n<p>\u201cAnte los recientes hecho ocurridos en\nOaxaca, alzamos la voz y nos unimos al tuitazo nacional con im\u00e1genes, datos y\ncarteles para exigir la ejecuci\u00f3n y garant\u00eda de la Ley General de Acceso de las\nMujeres a una Vida Libre de Violencia #OaxacaEstadoFeminicida\n#OaxacaDeLasMujeres\u201d, refiere la convocatoria.<\/p>\n","protected":false},"excerpt":{"rendered":"<p>Evlin Arag\u00f3n\/Zona Roja. Oaxaca de Ju\u00e1rez, Oax., 20 de junio de 2020.- Colectivos de mujeres&hellip;<\/p>\n","protected":false},"author":2,"featured_media":13997,"comment_status":"closed","ping_status":"open","sticky":false,"template":"","format":"standard","meta":{"_lmt_disableupdate":"","_lmt_disable":"","_jetpack_memberships_contains_paid_content":false,"footnotes":""},"categories":[109,51],"tags":[610],"class_list":["post-13996","post","type-post","status-publish","format-standard","has-post-thumbnail","hentry","category-minuto-a-minuto","category-zona-roja","tag-feminicidios-oaxaca"],"jetpack_featured_media_url":"https:\/\/zonaroja.com.mx\/wp-content\/uploads\/2020\/06\/Tuitazo-feminicidios.jpg","jetpack_sharing_enabled":true,"_links":{"self":[{"href":"https:\/\/zonaroja.com.mx\/index.php?rest_route=\/wp\/v2\/posts\/13996","targetHints":{"allow":["GET"]}}],"collection":[{"href":"https:\/\/zonaroja.com.mx\/index.php?rest_route=\/wp\/v2\/posts"}],"about":[{"href":"https:\/\/zonaroja.com.mx\/index.php?rest_route=\/wp\/v2\/types\/post"}],"author":[{"embeddable":true,"href":"https:\/\/zonaroja.com.mx\/index.php?rest_route=\/wp\/v2\/users\/2"}],"replies":[{"embeddable":true,"href":"https:\/\/zonaroja.com.mx\/index.php?rest_route=%2Fwp%2Fv2%2Fcomments&post=13996"}],"version-history":[{"count":1,"href":"https:\/\/zonaroja.com.mx\/index.php?rest_route=\/wp\/v2\/posts\/13996\/revisions"}],"predecessor-version":[{"id":13998,"href":"https:\/\/zonaroja.com.mx\/index.php?rest_route=\/wp\/v2\/posts\/13996\/revisions\/13998"}],"wp:featuredmedia":[{"embeddable":true,"href":"https:\/\/zonaroja.com.mx\/index.php?rest_route=\/wp\/v2\/media\/13997"}],"wp:attachment":[{"href":"https:\/\/zonaroja.com.mx\/index.php?rest_route=%2Fwp%2Fv2%2Fmedia&parent=13996"}],"wp:term":[{"taxonomy":"category","embeddable":true,"href":"https:\/\/zonaroja.com.mx\/index.php?rest_route=%2Fwp%2Fv2%2Fcategories&post=13996"},{"taxonomy":"post_tag","embeddable":true,"href":"https:\/\/zonaroja.com.mx\/index.php?rest_route=%2Fwp%2Fv2%2Ftags&post=13996"}],"curies":[{"name":"wp","href":"https:\/\/api.w.org\/{rel}","templated":true}]}}