{"id":13999,"date":"2020-06-20T12:23:45","date_gmt":"2020-06-20T17:23:45","guid":{"rendered":"http:\/\/www.zonaroja.com.mx\/?p=13999"},"modified":"2020-06-20T12:23:49","modified_gmt":"2020-06-20T17:23:49","slug":"madre-e-hija-desaparecen-en-loma-bonita-van-7-sin-localizar-en-junio","status":"publish","type":"post","link":"https:\/\/zonaroja.com.mx\/?p=13999","title":{"rendered":"Madre e hija desaparecen en Loma Bonita; van 7 sin localizar en junio"},"content":{"rendered":"\n<p>Yuridiana Sosa\/Zona Roja.<\/p>\n\n\n\n<p>Oaxaca de Ju\u00e1rez, Oax., 20 de junio de\n2020.- Una joven madre y su beb\u00e9 fueron reportadas c\u00f3mo desaparecieras en el\nmunicipio de Loma Bonita, en la regi\u00f3n de la Cuenca, donde en un a\u00f1o m\u00e1s de 60\npersonas siguen en calidad de no localizados.<\/p>\n\n\n\n<p>Rosa Yamilet \u00c1ngel Bayl\u00f3n, de 19 a\u00f1os de\nedad, y su menor hija de un a\u00f1o con &nbsp;ocho\nmeses, Briana Yamilet Vera \u00c1ngeles, fueron vistas por \u00faltima vez en la colonia\nEmiliano Zapata el pasado 18 de junio, en ese municipio colindante con el\nestado de Veracruz.<\/p>\n\n\n\n<p>Pero tambi\u00e9n, en Loma Bonita, un joven\nvar\u00f3n de 19 a\u00f1os de edad, Arturo Mu\u00f1oz Rodr\u00edguez, fue reportado a la Fiscal\u00eda\nGeneral de Oaxaca como desparecido en ese. \u00c9l fue visto por \u00faltima el pasado 14\nde junio en el barrio El Conejo.<\/p>\n\n\n\n<p>De las personas reportadas como\ndesaparecidas durante el mes de junio, siete se mantienen en calidad de no\nlocalizados y sus fichas de b\u00fasqueda siguen vigentes en la Unidad de B\u00fasqueda\nde Personas Desaparecidas y No Localizadas de la Fiscal\u00eda de Oaxaca.<\/p>\n\n\n\n<p>En otras regiones tambi\u00e9n se mantienen\nabiertos los expedientes de Zuleydi Elizabeth Alav\u00e9z Venegas, de 16 a\u00f1os de\nedad, vista por \u00faltima ocasi\u00f3n el 19 de junio en la colonia Centro de San Pedro\nPochutla.<\/p>\n\n\n\n<p>Ana Gabriela Santos Castellanos, de 30\na\u00f1os de edad, fue vista por \u00faltima vez el 15 de junio en Oaxaca de Ju\u00e1rez,\nmientras que en el municipio de San Juan de los Cu\u00e9s, de Teotitl\u00e1n, desapareci\u00f3\nAsunci\u00f3n Flores Mata, de 55 a\u00f1os de edad el, 11 de junio.<\/p>\n\n\n\n<p>Otra v\u00edctima es Antonio Mendoza L\u00f3pez,\nde 29 a\u00f1os de edad, desaparecido desde el pasado 3 de junio, luego que fue\nvisto en San Lorenzo Albarradas, del distrito de Tlacolula.<\/p>\n\n\n\n<p>Recientemente, en la regi\u00f3n de la Cuenca\ndel Papaloapan las familias afectadas por la inseguridad y v\u00edctimas de la\ndesaparici\u00f3n de sus familiares, se han unido para manifestarse en exigencia de\nlocalizaci\u00f3n inmediata y justicia por las mujeres y hombres no localizados.<\/p>\n","protected":false},"excerpt":{"rendered":"<p>Yuridiana Sosa\/Zona Roja. Oaxaca de Ju\u00e1rez, Oax., 20 de junio de 2020.- Una joven madre&hellip;<\/p>\n","protected":false},"author":2,"featured_media":14000,"comment_status":"closed","ping_status":"open","sticky":false,"template":"","format":"standard","meta":{"_lmt_disableupdate":"","_lmt_disable":"","_jetpack_memberships_contains_paid_content":false,"footnotes":""},"categories":[109,51],"tags":[642],"class_list":["post-13999","post","type-post","status-publish","format-standard","has-post-thumbnail","hentry","category-minuto-a-minuto","category-zona-roja","tag-personas-desaparecidas-oaxaca"],"jetpack_featured_media_url":"https:\/\/zonaroja.com.mx\/wp-content\/uploads\/2020\/06\/Desaparecidas-Loma.jpg","jetpack_sharing_enabled":true,"_links":{"self":[{"href":"https:\/\/zonaroja.com.mx\/index.php?rest_route=\/wp\/v2\/posts\/13999","targetHints":{"allow":["GET"]}}],"collection":[{"href":"https:\/\/zonaroja.com.mx\/index.php?rest_route=\/wp\/v2\/posts"}],"about":[{"href":"https:\/\/zonaroja.com.mx\/index.php?rest_route=\/wp\/v2\/types\/post"}],"author":[{"embeddable":true,"href":"https:\/\/zonaroja.com.mx\/index.php?rest_route=\/wp\/v2\/users\/2"}],"replies":[{"embeddable":true,"href":"https:\/\/zonaroja.com.mx\/index.php?rest_route=%2Fwp%2Fv2%2Fcomments&post=13999"}],"version-history":[{"count":1,"href":"https:\/\/zonaroja.com.mx\/index.php?rest_route=\/wp\/v2\/posts\/13999\/revisions"}],"predecessor-version":[{"id":14001,"href":"https:\/\/zonaroja.com.mx\/index.php?rest_route=\/wp\/v2\/posts\/13999\/revisions\/14001"}],"wp:featuredmedia":[{"embeddable":true,"href":"https:\/\/zonaroja.com.mx\/index.php?rest_route=\/wp\/v2\/media\/14000"}],"wp:attachment":[{"href":"https:\/\/zonaroja.com.mx\/index.php?rest_route=%2Fwp%2Fv2%2Fmedia&parent=13999"}],"wp:term":[{"taxonomy":"category","embeddable":true,"href":"https:\/\/zonaroja.com.mx\/index.php?rest_route=%2Fwp%2Fv2%2Fcategories&post=13999"},{"taxonomy":"post_tag","embeddable":true,"href":"https:\/\/zonaroja.com.mx\/index.php?rest_route=%2Fwp%2Fv2%2Ftags&post=13999"}],"curies":[{"name":"wp","href":"https:\/\/api.w.org\/{rel}","templated":true}]}}