{"id":14005,"date":"2020-06-20T14:48:07","date_gmt":"2020-06-20T19:48:07","guid":{"rendered":"http:\/\/www.zonaroja.com.mx\/?p=14005"},"modified":"2020-06-20T14:48:11","modified_gmt":"2020-06-20T19:48:11","slug":"comerciantes-de-la-central-de-abasto-acusan-abandono-de-autoridades","status":"publish","type":"post","link":"https:\/\/zonaroja.com.mx\/?p=14005","title":{"rendered":"Comerciantes de la Central de Abasto acusan abandono de autoridades"},"content":{"rendered":"\n<p>Evlin Arag\u00f3n\/Zona Roja.<\/p>\n\n\n\n<p>Oaxaca de Ju\u00e1rez, Oax., 20 de junio de\n2020.- A 24 d\u00edas del incendio en la Central de Abasto, que dej\u00f3 serias\nafectaciones en m\u00e1s de 140 locales e igual n\u00famero de familias, comerciantes\nindependientes en la zona denunciaron el completo abandono por parte de las\nautoridades municipales y estatales, pese a la promesa que hicieron un d\u00eda\ndespu\u00e9s de los hechos, ante los medios de comunicaci\u00f3n.<\/p>\n\n\n\n<p>De acuerdo con el grupo de comerciantes,\nque aseguran no contar con l\u00edderes, pese a la serie de escritos que han hecho\nllegar a las autoridades municipales de la capital, encabezadas por Oswaldo\nGarc\u00eda Jarqu\u00edn, nada ha cambiado ya que, aunque han pasado m\u00e1s de 20 d\u00edas las\ncarencias econ\u00f3micas a las que se enfrentan contin\u00faan ante la insensibilidad de\nlos gobernantes.&nbsp;&nbsp; <\/p>\n\n\n\n<p>\u201cHace 24 d\u00edas todo el producto de una\nvida de trabajo qued\u00f3 reducido a cenizas, se quemaron nuestros locales, nuestra\nmercanc\u00eda, documentos, todo el patrimonio que ten\u00edamos para subsistir con\nnuestras familias, nos quedamos en completa vulnerabilidad econ\u00f3mica\u201d,\nrefirieron en la conferencia de prensa que realizaron este s\u00e1bado.<\/p>\n\n\n\n<p>Pese a las promesas de apoyo por parte\ndel municipio capitalino, no existe avance alguno, ello pese a cumplir con\ntodas las solicitudes y requisitos que han pedido a trav\u00e9s de la regidur\u00eda y\ndirecci\u00f3n de Mercados, por lo que tambi\u00e9n han dirigido un oficio al Cabildo\nmunicipal del que tampoco han tenido repuesta.&nbsp;\n<\/p>\n\n\n\n<p>\u201cNada ha cambiado, pese al anuncio de que exist\u00eda ya un recurso econ\u00f3mico disponible para atender a las familias afectada por el incendio, existe un completo abandono por parte de las autoridades\u201d, refirieron.<\/p>\n\n\n\n<figure class=\"wp-block-embed-twitter wp-block-embed is-type-rich is-provider-twitter\"><div class=\"wp-block-embed__wrapper\">\n<div class=\"twitter-tweet\"><blockquote class=\"twitter-tweet\" data-lang=\"es\"><p lang=\"es\" dir=\"ltr\"><a href=\"https:\/\/twitter.com\/hashtag\/OaxacaGris?src=hash&amp;ref_src=twsrc%5Etfw\">#OaxacaGris<\/a><br>Ni siquiera por correo electr\u00f3nico ha respondido el <a href=\"https:\/\/twitter.com\/GobOax?ref_src=twsrc%5Etfw\">@GobOax<\/a> a comerciantes de la Central de Abasto afectados, que desde hace casi un mes piden ayud, tras el incendio de sus locales; \u201cel gobierno lo prometi\u00f3, lo \u00fanico que queremos es que se brinde el apoyo\u201d, reiteran. <a href=\"https:\/\/t.co\/FXwHYkZhuT\">pic.twitter.com\/FXwHYkZhuT<\/a><\/p>&mdash; Zona Roja Oaxaca (@MexRoja) <a href=\"https:\/\/twitter.com\/MexRoja\/status\/1274422584625397760?ref_src=twsrc%5Etfw\">20 de junio de 2020<\/a><\/blockquote><\/div>\n<\/div><\/figure>\n\n\n\n<p>Denunciaron que el abandono es selectivo\npara quienes no cuentan con l\u00edderes, ya que tienen conocimiento de que se s\u00ed\nhan realizado reuniones en las cuales no han sido contemplados, por lo que como\nparte de sus exigencias incluyen ser atendidos de forma igualitaria, sin ning\u00fan\ntipo de discriminaci\u00f3n, ni promesas falsas.<\/p>\n\n\n\n<p>En este sentido y ante lo rebasada que\nest\u00e1 la administraci\u00f3n municipal, solicitaron la atenci\u00f3n directa del\ngobernador Alejandro Murat Hinojosa, as\u00ed como de las y los diputados de la 64\nLegislatura, la cual permita la reconstrucci\u00f3n de locales, el otorgamiento de\ncr\u00e9ditos y apoyos econ\u00f3micos, apoyo emergente para la alimentaci\u00f3n, la dotaci\u00f3n\nmedicamentos de las familias afectadas, as\u00ed como la habilitaci\u00f3n de un espacio\nprovisional digno en el estacionamiento de la Central de Abasto para asegurar\nla reactivaci\u00f3n econ\u00f3mica.<\/p>\n\n\n\n<p>No obstante, tambi\u00e9n se quejaron que el\ngobierno estatal no los atiende, bajo el argumento de la contingencia sanitaria\ny la sana distancia; sin embargo, hicieron sus tr\u00e1mites v\u00eda correo electr\u00f3nico\npero desde el d\u00eda 16 de este mes no han obtenido respuesta.<\/p>\n\n\n\n<p>DIFUNDEN PERITAJE<\/p>\n\n\n\n<p>En tanto, tras presiones y quejas de los comerciantes, as\u00ed como de los medios de comunicaci\u00f3n, tras la conferencia de prensa de los comerciantes, la Fiscal\u00eda General del Estado dio a conocer el dictamen sobre las causas del incendio ocurrido en el Mercado de Abasto, el pasado 27 de mayo.<\/p>\n\n\n\n<figure class=\"wp-block-embed-twitter wp-block-embed is-type-rich is-provider-twitter\"><div class=\"wp-block-embed__wrapper\">\n<div class=\"twitter-tweet\"><blockquote class=\"twitter-tweet\" data-lang=\"es\"><p lang=\"es\" dir=\"ltr\">Dictamen sobre las causas del incendio ocurrido en el Mercado de Abasto, el pasado 27 de mayo.<a href=\"https:\/\/twitter.com\/RVasconcelosM?ref_src=twsrc%5Etfw\">@RVasconcelosM<\/a><a href=\"https:\/\/twitter.com\/SEGOB_mx?ref_src=twsrc%5Etfw\">@SEGOB_mx<\/a><a href=\"https:\/\/twitter.com\/M_OlgaSCordero?ref_src=twsrc%5Etfw\">@M_OlgaSCordero<\/a><a href=\"https:\/\/twitter.com\/alejandromurat?ref_src=twsrc%5Etfw\">@alejandromurat<\/a><a href=\"https:\/\/twitter.com\/oswaldogarciaj?ref_src=twsrc%5Etfw\">@oswaldogarciaj<\/a><a href=\"https:\/\/twitter.com\/FGRMexico?ref_src=twsrc%5Etfw\">@FGRMexico<\/a> <a href=\"https:\/\/twitter.com\/GobOax?ref_src=twsrc%5Etfw\">@GobOax<\/a> <a href=\"https:\/\/twitter.com\/SEDENAmx?ref_src=twsrc%5Etfw\">@SEDENAmx<\/a> <a href=\"https:\/\/twitter.com\/GN_MEXICO_?ref_src=twsrc%5Etfw\">@GN_MEXICO_<\/a> <a href=\"https:\/\/t.co\/J36rLRJo68\">pic.twitter.com\/J36rLRJo68<\/a><\/p>&mdash; Fiscal\u00eda General (@FISCALIA_GobOax) <a href=\"https:\/\/twitter.com\/FISCALIA_GobOax\/status\/1274386104272257026?ref_src=twsrc%5Etfw\">20 de junio de 2020<\/a><\/blockquote><\/div>\n<\/div><\/figure>\n\n\n\n<p>\u201cDe acuerdo con el dictamen pericial, el\nsiniestro se origin\u00f3 por un corto circuito derivado de una irregular y\ndeficiente conexi\u00f3n el\u00e9ctrica realizada para un trabajo de soldadura llevado a\ncabo el d\u00eda de los hechos, en el local.<\/p>\n\n\n\n<p>\u201cAl no utilizarse material el\u00e9ctrico\nadecuado para soportar la capacidad de carga de energ\u00eda en una planta para\nsoldar, se produjo una falla el\u00e9ctrica al interior del local que ocasion\u00f3 el\nincendio\u201d, expuso en un comunicado.<\/p>\n\n\n\n<p>\u201cDe acuerdo con los peritajes llevados a\ncabo, el trabajo de soldadura se realizaba entre dos locales comerciales\nubicados cada uno a 17 metros de distancia, utilizando material el\u00e9ctrico no adecuado\npara soportar la carga el\u00e9ctrica requerida, toda vez que en el interior del\nlocal 102, se recabaron materiales y evidencias que permiten concluir lo\nanterior\u201d, a\u00f1adi\u00f3.<\/p>\n\n\n\n<p>Inform\u00f3 que por estos hechos, la\nFiscal\u00eda inici\u00f3 de oficio la carpeta de investigaci\u00f3n 17001\/FVCE\/OAXACA\/2020,\npor el delito de da\u00f1os por incendio en contra de quien o quienes resulten\nresponsables.<\/p>\n","protected":false},"excerpt":{"rendered":"<p>Evlin Arag\u00f3n\/Zona Roja. Oaxaca de Ju\u00e1rez, Oax., 20 de junio de 2020.- A 24 d\u00edas&hellip;<\/p>\n","protected":false},"author":2,"featured_media":14006,"comment_status":"closed","ping_status":"open","sticky":false,"template":"","format":"standard","meta":{"_lmt_disableupdate":"","_lmt_disable":"","_jetpack_memberships_contains_paid_content":false,"footnotes":""},"categories":[109,47],"tags":[1774],"class_list":["post-14005","post","type-post","status-publish","format-standard","has-post-thumbnail","hentry","category-minuto-a-minuto","category-zona-gris","tag-incendio-central-de-abasto-ciudad-de-oaxaca"],"jetpack_featured_media_url":"https:\/\/zonaroja.com.mx\/wp-content\/uploads\/2020\/06\/Conferencia-Central-de-Abasto-2.jpg","jetpack_sharing_enabled":true,"_links":{"self":[{"href":"https:\/\/zonaroja.com.mx\/index.php?rest_route=\/wp\/v2\/posts\/14005","targetHints":{"allow":["GET"]}}],"collection":[{"href":"https:\/\/zonaroja.com.mx\/index.php?rest_route=\/wp\/v2\/posts"}],"about":[{"href":"https:\/\/zonaroja.com.mx\/index.php?rest_route=\/wp\/v2\/types\/post"}],"author":[{"embeddable":true,"href":"https:\/\/zonaroja.com.mx\/index.php?rest_route=\/wp\/v2\/users\/2"}],"replies":[{"embeddable":true,"href":"https:\/\/zonaroja.com.mx\/index.php?rest_route=%2Fwp%2Fv2%2Fcomments&post=14005"}],"version-history":[{"count":1,"href":"https:\/\/zonaroja.com.mx\/index.php?rest_route=\/wp\/v2\/posts\/14005\/revisions"}],"predecessor-version":[{"id":14007,"href":"https:\/\/zonaroja.com.mx\/index.php?rest_route=\/wp\/v2\/posts\/14005\/revisions\/14007"}],"wp:featuredmedia":[{"embeddable":true,"href":"https:\/\/zonaroja.com.mx\/index.php?rest_route=\/wp\/v2\/media\/14006"}],"wp:attachment":[{"href":"https:\/\/zonaroja.com.mx\/index.php?rest_route=%2Fwp%2Fv2%2Fmedia&parent=14005"}],"wp:term":[{"taxonomy":"category","embeddable":true,"href":"https:\/\/zonaroja.com.mx\/index.php?rest_route=%2Fwp%2Fv2%2Fcategories&post=14005"},{"taxonomy":"post_tag","embeddable":true,"href":"https:\/\/zonaroja.com.mx\/index.php?rest_route=%2Fwp%2Fv2%2Ftags&post=14005"}],"curies":[{"name":"wp","href":"https:\/\/api.w.org\/{rel}","templated":true}]}}