{"id":14008,"date":"2020-06-20T15:27:57","date_gmt":"2020-06-20T20:27:57","guid":{"rendered":"http:\/\/www.zonaroja.com.mx\/?p=14008"},"modified":"2020-06-20T15:28:00","modified_gmt":"2020-06-20T20:28:00","slug":"muere-en-oaxaca-mujer-con-sintomas-de-covid-la-llevaban-a-hospital-militar","status":"publish","type":"post","link":"https:\/\/zonaroja.com.mx\/?p=14008","title":{"rendered":"Muere en Oaxaca mujer con s\u00edntomas de Covid,; la llevaban a hospital militar"},"content":{"rendered":"\n<p>Redacci\u00f3n\/Zona Roja.<\/p>\n\n\n\n<p>Oaxaca de Ju\u00e1rez, Oax., 20 de junio de\n2020.- Una mujer perdi\u00f3 la vida este s\u00e1bado cuando era trasladada al hospital\nmilitar de Santa Mar\u00eda Ixcotel, Oaxaca.<\/p>\n\n\n\n<p>Fue al mediod\u00eda cuando corporaciones de\nemergencia pidieron auxilio para atender a una femenina desmayada, que se\nencontraba en el interior de su veh\u00edculo, tipo Chevy, color blanco, estacionado\nen la avenida Hidalgo, esquina con Melchor Ocampo, a tres cuadras del z\u00f3calo de\nla ciudad de Oaxaca.<\/p>\n\n\n\n<p>Tras ser valorada por un param\u00e9dico, con\nel apoyo de polic\u00edas viales fue trasladada al hospital militar de la VIII\nRegi\u00f3n de la Secretar\u00eda de la Defensa Nacional, en Ixcotel, Santa Luc\u00eda del\nCamino.<\/p>\n\n\n\n<p>Sin embargo, seg\u00fan fuentes de\ncorporaciones de auxilio, muri\u00f3 antes de llegar al nosocomio, ubicado a unos\ndos kil\u00f3metros al oriente de la capital; hasta el momento no ha sido\nidentificada la v\u00edctima.<\/p>\n","protected":false},"excerpt":{"rendered":"<p>Redacci\u00f3n\/Zona Roja. Oaxaca de Ju\u00e1rez, Oax., 20 de junio de 2020.- Una mujer perdi\u00f3 la&hellip;<\/p>\n","protected":false},"author":2,"featured_media":14009,"comment_status":"closed","ping_status":"open","sticky":false,"template":"","format":"standard","meta":{"_lmt_disableupdate":"","_lmt_disable":"","_jetpack_memberships_contains_paid_content":false,"footnotes":""},"categories":[109,47],"tags":[1512],"class_list":["post-14008","post","type-post","status-publish","format-standard","has-post-thumbnail","hentry","category-minuto-a-minuto","category-zona-gris","tag-coronavirus-oaxaca"],"jetpack_featured_media_url":"https:\/\/zonaroja.com.mx\/wp-content\/uploads\/2020\/06\/4d71bf1e-86a9-4220-ab35-ce2d8a6bbe1e.jpg","jetpack_sharing_enabled":true,"_links":{"self":[{"href":"https:\/\/zonaroja.com.mx\/index.php?rest_route=\/wp\/v2\/posts\/14008","targetHints":{"allow":["GET"]}}],"collection":[{"href":"https:\/\/zonaroja.com.mx\/index.php?rest_route=\/wp\/v2\/posts"}],"about":[{"href":"https:\/\/zonaroja.com.mx\/index.php?rest_route=\/wp\/v2\/types\/post"}],"author":[{"embeddable":true,"href":"https:\/\/zonaroja.com.mx\/index.php?rest_route=\/wp\/v2\/users\/2"}],"replies":[{"embeddable":true,"href":"https:\/\/zonaroja.com.mx\/index.php?rest_route=%2Fwp%2Fv2%2Fcomments&post=14008"}],"version-history":[{"count":1,"href":"https:\/\/zonaroja.com.mx\/index.php?rest_route=\/wp\/v2\/posts\/14008\/revisions"}],"predecessor-version":[{"id":14010,"href":"https:\/\/zonaroja.com.mx\/index.php?rest_route=\/wp\/v2\/posts\/14008\/revisions\/14010"}],"wp:featuredmedia":[{"embeddable":true,"href":"https:\/\/zonaroja.com.mx\/index.php?rest_route=\/wp\/v2\/media\/14009"}],"wp:attachment":[{"href":"https:\/\/zonaroja.com.mx\/index.php?rest_route=%2Fwp%2Fv2%2Fmedia&parent=14008"}],"wp:term":[{"taxonomy":"category","embeddable":true,"href":"https:\/\/zonaroja.com.mx\/index.php?rest_route=%2Fwp%2Fv2%2Fcategories&post=14008"},{"taxonomy":"post_tag","embeddable":true,"href":"https:\/\/zonaroja.com.mx\/index.php?rest_route=%2Fwp%2Fv2%2Ftags&post=14008"}],"curies":[{"name":"wp","href":"https:\/\/api.w.org\/{rel}","templated":true}]}}