{"id":14017,"date":"2020-06-20T20:29:05","date_gmt":"2020-06-21T01:29:05","guid":{"rendered":"http:\/\/www.zonaroja.com.mx\/?p=14017"},"modified":"2020-06-20T20:29:09","modified_gmt":"2020-06-21T01:29:09","slug":"desde-casa-disfrute-de-la-obra-pictorica-de-takeda-en-exposicion-virtual","status":"publish","type":"post","link":"https:\/\/zonaroja.com.mx\/?p=14017","title":{"rendered":"Desde casa, disfrute de la obra pict\u00f3rica de Takeda, en exposici\u00f3n virtual"},"content":{"rendered":"\n<p>Redacci\u00f3n\/Zona Roja.<\/p>\n\n\n\n<p>Oaxaca de Ju\u00e1rez, Oax. 17 de junio de\n2020.- Desde este jueves, oaxaque\u00f1os y cualquier interesado en el arte, pueden\ndisfrutar de una exposici\u00f3n virtual de 25 obras del maestro Shinzaburo Takeda.<\/p>\n\n\n\n<p>Se trata de la muestra \u201cMi vida: Istmo\u201d,\nque se exhibe de forma virtual por primera vez, cuya actividad digital es\niniciativa de la Casa de la Cultura Oaxaque\u00f1a (CCO).<\/p>\n\n\n\n<p>Est\u00e1 compuesta por 25 obras que retratan la vida y el quehacer cotidiano de los habitantes de la regi\u00f3n del Istmo de Tehuantepec y se puede admirar y disfrutar a trav\u00e9s de la p\u00e1gina web de la CCO, <a href=\"http:\/\/www.oaxaca.gob.mx\/cco\">www.oaxaca.gob.mx\/cco<\/a>.<\/p>\n\n\n\n<figure class=\"wp-block-image\"><img decoding=\"async\" width=\"903\" height=\"900\" src=\"http:\/\/www.zonaroja.com.mx\/wp-content\/uploads\/2020\/06\/Takeda-3.jpg\" alt=\"\" class=\"wp-image-14019\" srcset=\"https:\/\/zonaroja.com.mx\/wp-content\/uploads\/2020\/06\/Takeda-3.jpg 903w, https:\/\/zonaroja.com.mx\/wp-content\/uploads\/2020\/06\/Takeda-3-150x150.jpg 150w, https:\/\/zonaroja.com.mx\/wp-content\/uploads\/2020\/06\/Takeda-3-300x300.jpg 300w, https:\/\/zonaroja.com.mx\/wp-content\/uploads\/2020\/06\/Takeda-3-768x765.jpg 768w, https:\/\/zonaroja.com.mx\/wp-content\/uploads\/2020\/06\/Takeda-3-585x583.jpg 585w\" sizes=\"(max-width: 903px) 100vw, 903px\" \/><\/figure>\n\n\n\n<p>En un comunicado, se inform\u00f3 que re\u00fane tambi\u00e9n\nla suma de esfuerzos los artistas, Siegrid Wiese, Rosendo Vega y Max Sanz,\nquienes aportaron sus creaciones para echar a andar las exposiciones pict\u00f3ricas\nvirtuales de la CCO, y celebr\u00f3 en esta ocasi\u00f3n la extraordinaria participaci\u00f3n\ndel maestro Takeda.<\/p>\n\n\n\n<p>El director general de la Casa de la\nCultura Oaxaque\u00f1a, Emilio de Leo Blanco, indic\u00f3 que el maestro Shinzaburo\nTakeda, Takeda, quien desde 1978 radica en el estado de Oaxaca, representa una\nde las figuras vivas m\u00e1s importantes de la pl\u00e1stica en el estado y ha sido\nmentor de varias generaciones de futuros artistas oaxaque\u00f1os.<\/p>\n\n\n\n<p>Sobre su obra, Takeda afirm\u00f3 que \u201cMi vida: Istmo\u201d es una recopilaci\u00f3n de la fiesta y el quehacer diario de la regi\u00f3n del Istmo de Tehuantepec, \u201cla vida de las mujeres en el Istmo, su belleza y su fortaleza para mi tiene un simbolismo muy importante\u201d, se\u00f1al\u00f3.<\/p>\n\n\n\n<figure class=\"wp-block-image\"><img decoding=\"async\" width=\"706\" height=\"900\" src=\"http:\/\/www.zonaroja.com.mx\/wp-content\/uploads\/2020\/06\/Takeda-1.jpg\" alt=\"\" class=\"wp-image-14020\" srcset=\"https:\/\/zonaroja.com.mx\/wp-content\/uploads\/2020\/06\/Takeda-1.jpg 706w, https:\/\/zonaroja.com.mx\/wp-content\/uploads\/2020\/06\/Takeda-1-235x300.jpg 235w, https:\/\/zonaroja.com.mx\/wp-content\/uploads\/2020\/06\/Takeda-1-585x746.jpg 585w\" sizes=\"(max-width: 706px) 100vw, 706px\" \/><\/figure>\n\n\n\n<p>El artista narr\u00f3 que a lo largo de su\nvida, ha sido testigo de m\u00faltiples acontecimientos que han marcado tanto la\nhistoria de su pa\u00eds, como la de M\u00e9xico, pero en esta ocasi\u00f3n se refiri\u00f3 al tema\nde la pandemia por el coronavirus y consider\u00f3 que este hecho debe sentar un\nprecedente para formar seres humanos m\u00e1s observadores, \u201cque miren m\u00e1s all\u00e1 de\ns\u00ed mismos, que observen la naturaleza, que reaccionemos con humildad y\nmodestia\u201d, dijo.<\/p>\n\n\n\n<p>Finalmente, agradeci\u00f3 el espacio que le brinda la Casa de la Cultura Oaxaque\u00f1a para llevar a cabo de manera virtual su exposici\u00f3n pict\u00f3rica.<\/p>\n\n\n\n<figure class=\"wp-block-image\"><img decoding=\"async\" width=\"1024\" height=\"574\" src=\"http:\/\/www.zonaroja.com.mx\/wp-content\/uploads\/2020\/06\/Takeda-4-1024x574.jpg\" alt=\"\" class=\"wp-image-14021\" srcset=\"https:\/\/zonaroja.com.mx\/wp-content\/uploads\/2020\/06\/Takeda-4-1024x574.jpg 1024w, https:\/\/zonaroja.com.mx\/wp-content\/uploads\/2020\/06\/Takeda-4-300x168.jpg 300w, https:\/\/zonaroja.com.mx\/wp-content\/uploads\/2020\/06\/Takeda-4-768x430.jpg 768w, https:\/\/zonaroja.com.mx\/wp-content\/uploads\/2020\/06\/Takeda-4-1170x655.jpg 1170w, https:\/\/zonaroja.com.mx\/wp-content\/uploads\/2020\/06\/Takeda-4-585x328.jpg 585w, https:\/\/zonaroja.com.mx\/wp-content\/uploads\/2020\/06\/Takeda-4.jpg 1280w\" sizes=\"(max-width: 1024px) 100vw, 1024px\" \/><\/figure>\n","protected":false},"excerpt":{"rendered":"<p>Redacci\u00f3n\/Zona Roja. Oaxaca de Ju\u00e1rez, Oax. 17 de junio de 2020.- Desde este jueves, oaxaque\u00f1os&hellip;<\/p>\n","protected":false},"author":2,"featured_media":14018,"comment_status":"closed","ping_status":"open","sticky":false,"template":"","format":"standard","meta":{"_lmt_disableupdate":"","_lmt_disable":"","_jetpack_memberships_contains_paid_content":false,"footnotes":""},"categories":[109,46],"tags":[541,1775],"class_list":["post-14017","post","type-post","status-publish","format-standard","has-post-thumbnail","hentry","category-minuto-a-minuto","category-zona-blanca","tag-casa-de-la-cultura-oaxaquena","tag-shinzaburo-takeda"],"jetpack_featured_media_url":"https:\/\/zonaroja.com.mx\/wp-content\/uploads\/2020\/06\/Takeda-2.jpg","jetpack_sharing_enabled":true,"_links":{"self":[{"href":"https:\/\/zonaroja.com.mx\/index.php?rest_route=\/wp\/v2\/posts\/14017","targetHints":{"allow":["GET"]}}],"collection":[{"href":"https:\/\/zonaroja.com.mx\/index.php?rest_route=\/wp\/v2\/posts"}],"about":[{"href":"https:\/\/zonaroja.com.mx\/index.php?rest_route=\/wp\/v2\/types\/post"}],"author":[{"embeddable":true,"href":"https:\/\/zonaroja.com.mx\/index.php?rest_route=\/wp\/v2\/users\/2"}],"replies":[{"embeddable":true,"href":"https:\/\/zonaroja.com.mx\/index.php?rest_route=%2Fwp%2Fv2%2Fcomments&post=14017"}],"version-history":[{"count":1,"href":"https:\/\/zonaroja.com.mx\/index.php?rest_route=\/wp\/v2\/posts\/14017\/revisions"}],"predecessor-version":[{"id":14022,"href":"https:\/\/zonaroja.com.mx\/index.php?rest_route=\/wp\/v2\/posts\/14017\/revisions\/14022"}],"wp:featuredmedia":[{"embeddable":true,"href":"https:\/\/zonaroja.com.mx\/index.php?rest_route=\/wp\/v2\/media\/14018"}],"wp:attachment":[{"href":"https:\/\/zonaroja.com.mx\/index.php?rest_route=%2Fwp%2Fv2%2Fmedia&parent=14017"}],"wp:term":[{"taxonomy":"category","embeddable":true,"href":"https:\/\/zonaroja.com.mx\/index.php?rest_route=%2Fwp%2Fv2%2Fcategories&post=14017"},{"taxonomy":"post_tag","embeddable":true,"href":"https:\/\/zonaroja.com.mx\/index.php?rest_route=%2Fwp%2Fv2%2Ftags&post=14017"}],"curies":[{"name":"wp","href":"https:\/\/api.w.org\/{rel}","templated":true}]}}