{"id":14030,"date":"2020-06-20T21:38:11","date_gmt":"2020-06-21T02:38:11","guid":{"rendered":"http:\/\/www.zonaroja.com.mx\/?p=14030"},"modified":"2020-06-20T21:38:15","modified_gmt":"2020-06-21T02:38:15","slug":"llega-oaxaca-casi-a-los-cuatro-mil-contagiados-por-covid-19","status":"publish","type":"post","link":"https:\/\/zonaroja.com.mx\/?p=14030","title":{"rendered":"Llega Oaxaca casi a los cuatro mil contagiados por Covid-19"},"content":{"rendered":"\n<p>Redacci\u00f3n\/Zona Roja.<\/p>\n\n\n\n<p>Oaxaca de Ju\u00e1rez, Oax. 20 de junio de\n2020.- Al corte epidemiol\u00f3gico de esta noche, en Oaxaca se tienen tres mil 906\ncasos de Covid-19 acumulados a la fecha; en las \u00faltimas 24 horas se registraron\n135 casos; hay tambi\u00e9n 12 decesos, que suman 443.<\/p>\n\n\n\n<p>Los Servicios de Salud de Oaxaca (SSO), informaron\nque los 135 casos nuevos, distribuidos en 41 municipios, siendo los de mayor\nn\u00famero de contagios: Oaxaca de Ju\u00e1rez con 41, San Juan Bautista Tuxtepec 15,\nSalina Cruz 11, Santa Cruz Xoxocotl\u00e1n y Santa Luc\u00eda del Camino siete cada uno,\nJuchit\u00e1n de Zaragoza seis, Putla Villa de Guerrero cinco, y el resto 4,3,2 y 1.<\/p>\n\n\n\n<p>En un comunicado, la dependencia sostuvo\nque se han notificado siete mil 487 casos, de los cuales: dos mil 739 han sido\nnegativos, 842 son sospechosos en espera de resultados por laboratorio, dos mil\n822 se han recuperado y 641 est\u00e1n activos.<\/p>\n\n\n\n<p>Detall\u00f3 que la Jurisdicci\u00f3n Sanitaria n\u00famero uno de Valles Centrales reporta dos mil 680 casos confirmados y 263 defunciones, el Istmo 251 y 40 defunciones, Tuxtepec 486 y 82 defunciones, Costa 161 y 17 defunciones, Mixteca 235 y 29 defunciones, y la Sierra 93 y 12 defunciones.<\/p>\n\n\n\n<figure class=\"wp-block-image\"><img decoding=\"async\" width=\"1024\" height=\"588\" src=\"http:\/\/www.zonaroja.com.mx\/wp-content\/uploads\/2020\/06\/SSO-2-7-1024x588.jpeg\" alt=\"\" class=\"wp-image-14031\" srcset=\"https:\/\/zonaroja.com.mx\/wp-content\/uploads\/2020\/06\/SSO-2-7-1024x588.jpeg 1024w, https:\/\/zonaroja.com.mx\/wp-content\/uploads\/2020\/06\/SSO-2-7-300x172.jpeg 300w, https:\/\/zonaroja.com.mx\/wp-content\/uploads\/2020\/06\/SSO-2-7-768x441.jpeg 768w, https:\/\/zonaroja.com.mx\/wp-content\/uploads\/2020\/06\/SSO-2-7-1170x672.jpeg 1170w, https:\/\/zonaroja.com.mx\/wp-content\/uploads\/2020\/06\/SSO-2-7-585x336.jpeg 585w, https:\/\/zonaroja.com.mx\/wp-content\/uploads\/2020\/06\/SSO-2-7.jpeg 1280w\" sizes=\"(max-width: 1024px) 100vw, 1024px\" \/><\/figure>\n\n\n\n<p>De los tres mil 906 casos confirmados:\nmil 703 son del rango de 25 a 44 a\u00f1os; 716 de 50 a 59; 516 de 65 y m\u00e1s a\u00f1os.\nPor sexo los hombres registran dos mil 183 casos y mil 723 son mujeres; en\ntanto, por atenci\u00f3n mil 89 fueron hospitalizados y dos mil 817 son\nambulatorios.<\/p>\n\n\n\n<p>Adem\u00e1s, dentro del personal de salud que\nha dado positivo a la muestra, 283 son m\u00e9dicos, 323 es personal de enfermer\u00eda y\n182 es otro personal del sector.<\/p>\n\n\n\n<p>Mencion\u00f3 que de los 641 casos activos,\nla Jurisdicci\u00f3n Sanitaria n\u00famero uno Valles Centrales presenta 390, el Istmo 44,\nTuxtepec 84, Costa 27, Mixteca 77, y Sierra 19.<\/p>\n\n\n\n<p>Dijo que de las 443 defunciones, la\nmayor\u00eda se ha presentado en la poblaci\u00f3n adulta, siendo el grupo m\u00e1s afectado\nel de 65 y m\u00e1s a\u00f1os con 182 decesos; de 50 a 59 a\u00f1os con 109; de 60 a 64 con\n51. Las comorbilidades asociadas son la diabetes con 38.4%, la hipertensi\u00f3n\narterial con 36.6%, la obesidad con 25.7% y la insuficiencia renal 7.4%. Por\nsexo: 286 son hombres y 157 mujeres.<\/p>\n\n\n\n<p>La ocupaci\u00f3n hospitalaria es del 60% de\nla capacidad total, distribuidos en: los SSO con 31.3%; el Hospital Regional de\nAlta Especialidad de Oaxaca 100%; el Hospital de la Ni\u00f1ez Oaxaque\u00f1a 100%; la\nSedena 89.2%; el ISSSTE 58.1%; el IMSS ordinario 88%; IMSS Bienestar 12.1%;\nPemex 66.7%, y Secretar\u00eda de Marina 85.7%.<\/p>\n","protected":false},"excerpt":{"rendered":"<p>Redacci\u00f3n\/Zona Roja. Oaxaca de Ju\u00e1rez, Oax. 20 de junio de 2020.- Al corte epidemiol\u00f3gico de&hellip;<\/p>\n","protected":false},"author":2,"featured_media":14032,"comment_status":"closed","ping_status":"open","sticky":false,"template":"","format":"standard","meta":{"_lmt_disableupdate":"","_lmt_disable":"","_jetpack_memberships_contains_paid_content":false,"footnotes":""},"categories":[109,47],"tags":[1512],"class_list":["post-14030","post","type-post","status-publish","format-standard","has-post-thumbnail","hentry","category-minuto-a-minuto","category-zona-gris","tag-coronavirus-oaxaca"],"jetpack_featured_media_url":"https:\/\/zonaroja.com.mx\/wp-content\/uploads\/2020\/06\/SSO-1-1-4.jpeg","jetpack_sharing_enabled":true,"_links":{"self":[{"href":"https:\/\/zonaroja.com.mx\/index.php?rest_route=\/wp\/v2\/posts\/14030","targetHints":{"allow":["GET"]}}],"collection":[{"href":"https:\/\/zonaroja.com.mx\/index.php?rest_route=\/wp\/v2\/posts"}],"about":[{"href":"https:\/\/zonaroja.com.mx\/index.php?rest_route=\/wp\/v2\/types\/post"}],"author":[{"embeddable":true,"href":"https:\/\/zonaroja.com.mx\/index.php?rest_route=\/wp\/v2\/users\/2"}],"replies":[{"embeddable":true,"href":"https:\/\/zonaroja.com.mx\/index.php?rest_route=%2Fwp%2Fv2%2Fcomments&post=14030"}],"version-history":[{"count":1,"href":"https:\/\/zonaroja.com.mx\/index.php?rest_route=\/wp\/v2\/posts\/14030\/revisions"}],"predecessor-version":[{"id":14033,"href":"https:\/\/zonaroja.com.mx\/index.php?rest_route=\/wp\/v2\/posts\/14030\/revisions\/14033"}],"wp:featuredmedia":[{"embeddable":true,"href":"https:\/\/zonaroja.com.mx\/index.php?rest_route=\/wp\/v2\/media\/14032"}],"wp:attachment":[{"href":"https:\/\/zonaroja.com.mx\/index.php?rest_route=%2Fwp%2Fv2%2Fmedia&parent=14030"}],"wp:term":[{"taxonomy":"category","embeddable":true,"href":"https:\/\/zonaroja.com.mx\/index.php?rest_route=%2Fwp%2Fv2%2Fcategories&post=14030"},{"taxonomy":"post_tag","embeddable":true,"href":"https:\/\/zonaroja.com.mx\/index.php?rest_route=%2Fwp%2Fv2%2Ftags&post=14030"}],"curies":[{"name":"wp","href":"https:\/\/api.w.org\/{rel}","templated":true}]}}