{"id":14045,"date":"2020-06-22T08:00:05","date_gmt":"2020-06-22T13:00:05","guid":{"rendered":"http:\/\/www.zonaroja.com.mx\/?p=14045"},"modified":"2020-06-22T05:58:42","modified_gmt":"2020-06-22T10:58:42","slug":"suspende-profeco-a-empresa-de-banquetes-con-mas-de-30-denuncias","status":"publish","type":"post","link":"https:\/\/zonaroja.com.mx\/?p=14045","title":{"rendered":"Suspende Profeco a empresa de banquetes con m\u00e1s de 30 denuncias"},"content":{"rendered":"\n<p>Evlin\nArag\u00f3n\/Zona Roja.<\/p>\n\n\n\n<p>Oaxaca de\nJu\u00e1rez, Oax., 21 de junio de 2020.- La delegaci\u00f3n en Oaxaca de la Procuradur\u00eda\nFederal del Consumidor (Profeco) suspendi\u00f3 la actividad comercial de la empresa\nde banqueter\u00eda&nbsp; \u201cLuxuri, S.A de C.V\u201d la\ncual acumulaba m\u00e1s de 30 quejas, por lo que incluso se valora la implementaci\u00f3n\nde sanciones econ\u00f3micas.<\/p>\n\n\n\n<p>As\u00ed lo\ndio a conocer la titular de la dependencia federal, Lourdes Santiago Cruz,\nquien explic\u00f3 que los sellos de suspensi\u00f3n fueron colocados en las\ninstalaciones principales del establecimiento luego de que se acreditara el\nincumplimiento a la normatividad y las pr\u00e1cticas comerciales abusivas y\ndesleales.<\/p>\n\n\n\n<p>\u201cRealizamos\nvisitas de verificaci\u00f3n en cuatro de los domicilios que brinda a sus clientes\ninici\u00e1ndose los debidos procedimientos por infracciones a la ley que incluyeron\nla colocaci\u00f3n de sellos de suspensi\u00f3n de la actividad comercial\u201d, refiri\u00f3 la\nfuncionaria.<\/p>\n\n\n\n<p>Y es que\ndebido a la contingencia sanitaria algunos eventos acordados con la empresa\nfueron cancelados, lo que ocasion\u00f3 una serie de quejas debido a que se niega a\nllegar a acuerdos con las personas afectadas para la devoluci\u00f3n de su dinero, a\nquienes les da poca o nula certeza de una soluci\u00f3n a favor.<\/p>\n\n\n\n<p>As\u00ed mismo,\ncarece de un contrato de adhesi\u00f3n debidamente registrado ante la Profeco que\npermita evaluar su cumplimiento a cabalidad, ello pese a que el servicio de\nbanqueter\u00eda est\u00e1 obligado por ley, por lo que, aunque renueven contratos con\nlas y los consumidores estos siguen manteniendo irregularidades.<\/p>\n\n\n\n<p>\u201cVamos a\nvalorar el perjuicio a la poblaci\u00f3n, la intencionalidad, la capacidad econ\u00f3mica.\nSi no concilian con las personas afectadas se multar\u00e1 en cada procedimiento por\nfalta a la ley\u201d, se\u00f1al\u00f3.<\/p>\n\n\n\n<p>Santiago\nCruz recomend\u00f3 a las personas interesadas en paquetes de graduaci\u00f3n, que antes\nde contratar o recomendar, se aseguren que las empresas cuenten con un contrato\nde adhesi\u00f3n debidamente registrado ante Profeco y acrediten la formalidad\nobligada por las instituciones para asegurar el cumplimiento de los mismos.<\/p>\n\n\n\n<p>As\u00ed mismo\ndetall\u00f3 que mantendr\u00e1n la representaci\u00f3n de las y los consumidores afectados e\ninvit\u00f3 a quienes hayan sido vulnerados en sus derechos a asesorarse a los\nn\u00fameros de oficina 9515134141, 951 51 34649, y en WhatsApp 9513641610.<\/p>\n","protected":false},"excerpt":{"rendered":"<p>Evlin Arag\u00f3n\/Zona Roja. Oaxaca de Ju\u00e1rez, Oax., 21 de junio de 2020.- La delegaci\u00f3n en&hellip;<\/p>\n","protected":false},"author":2,"featured_media":14046,"comment_status":"closed","ping_status":"open","sticky":false,"template":"","format":"standard","meta":{"_lmt_disableupdate":"","_lmt_disable":"","_jetpack_memberships_contains_paid_content":false,"footnotes":""},"categories":[109,47],"tags":[991],"class_list":["post-14045","post","type-post","status-publish","format-standard","has-post-thumbnail","hentry","category-minuto-a-minuto","category-zona-gris","tag-procuraduria-federal-del-consumidor-profeco"],"jetpack_featured_media_url":"https:\/\/zonaroja.com.mx\/wp-content\/uploads\/2020\/06\/Profeco-banqueter\u00eda.png","jetpack_sharing_enabled":true,"_links":{"self":[{"href":"https:\/\/zonaroja.com.mx\/index.php?rest_route=\/wp\/v2\/posts\/14045","targetHints":{"allow":["GET"]}}],"collection":[{"href":"https:\/\/zonaroja.com.mx\/index.php?rest_route=\/wp\/v2\/posts"}],"about":[{"href":"https:\/\/zonaroja.com.mx\/index.php?rest_route=\/wp\/v2\/types\/post"}],"author":[{"embeddable":true,"href":"https:\/\/zonaroja.com.mx\/index.php?rest_route=\/wp\/v2\/users\/2"}],"replies":[{"embeddable":true,"href":"https:\/\/zonaroja.com.mx\/index.php?rest_route=%2Fwp%2Fv2%2Fcomments&post=14045"}],"version-history":[{"count":1,"href":"https:\/\/zonaroja.com.mx\/index.php?rest_route=\/wp\/v2\/posts\/14045\/revisions"}],"predecessor-version":[{"id":14047,"href":"https:\/\/zonaroja.com.mx\/index.php?rest_route=\/wp\/v2\/posts\/14045\/revisions\/14047"}],"wp:featuredmedia":[{"embeddable":true,"href":"https:\/\/zonaroja.com.mx\/index.php?rest_route=\/wp\/v2\/media\/14046"}],"wp:attachment":[{"href":"https:\/\/zonaroja.com.mx\/index.php?rest_route=%2Fwp%2Fv2%2Fmedia&parent=14045"}],"wp:term":[{"taxonomy":"category","embeddable":true,"href":"https:\/\/zonaroja.com.mx\/index.php?rest_route=%2Fwp%2Fv2%2Fcategories&post=14045"},{"taxonomy":"post_tag","embeddable":true,"href":"https:\/\/zonaroja.com.mx\/index.php?rest_route=%2Fwp%2Fv2%2Ftags&post=14045"}],"curies":[{"name":"wp","href":"https:\/\/api.w.org\/{rel}","templated":true}]}}