{"id":14048,"date":"2020-06-21T12:06:02","date_gmt":"2020-06-21T17:06:02","guid":{"rendered":"http:\/\/www.zonaroja.com.mx\/?p=14048"},"modified":"2020-06-21T12:06:06","modified_gmt":"2020-06-21T17:06:06","slug":"en-el-dia-del-padre-torturan-semicalcinan-y-matan-a-un-individuo","status":"publish","type":"post","link":"https:\/\/zonaroja.com.mx\/?p=14048","title":{"rendered":"En el D\u00eda del Padre, torturan, semicalcinan y matan a un individuo"},"content":{"rendered":"\n<p>Redacci\u00f3n\/Zona\nRoja.<\/p>\n\n\n\n<p>Oaxaca de\nJu\u00e1rez, Oax., 21 de junio de 2020.- Este domingo en que se conmemora el D\u00eda del\nPadre, una persona del sexo masculino, fue torturada, semicalcinada y\nasesinada, en Juchit\u00e1n de Zaragoza.<\/p>\n\n\n\n<p>De\nacuerdo con los primeros reportes policiacos, el cad\u00e1ver fue localizado la\nma\u00f1ana de hoy en el basurero municipal de la agencia La Ventosa.<\/p>\n\n\n\n<p>Presenta\nal menos tres impactos de arma de fuego y el cuerpo est\u00e1 semiquemado; se\ncalcula que la v\u00edctima, a\u00fan no identificada, tiene entre 30 y 40 a\u00f1os de edad.<\/p>\n\n\n\n<p>Por otra\nparte, en San Antonio Arrazola, agencia de Santa Cruz Xoxocotl\u00e1n, se registr\u00f3\nayer una balacera, en que resultaron lesionadas dos personas, hasta ahora no\nidentificadas.<\/p>\n\n\n\n<p>Ambas\nfueron trasladadas a un hospital de la capital, pero uno de ellos perdi\u00f3 la\nvida al momento de recibir atenci\u00f3n m\u00e9dica, debido a la gravedad de las\nheridas.<\/p>\n","protected":false},"excerpt":{"rendered":"<p>Redacci\u00f3n\/Zona Roja. Oaxaca de Ju\u00e1rez, Oax., 21 de junio de 2020.- Este domingo en que&hellip;<\/p>\n","protected":false},"author":2,"featured_media":14049,"comment_status":"closed","ping_status":"open","sticky":false,"template":"","format":"standard","meta":{"_lmt_disableupdate":"","_lmt_disable":"","_jetpack_memberships_contains_paid_content":false,"footnotes":""},"categories":[109,51],"tags":[1776],"class_list":["post-14048","post","type-post","status-publish","format-standard","has-post-thumbnail","hentry","category-minuto-a-minuto","category-zona-roja","tag-la-ventosa-juchitan"],"jetpack_featured_media_url":"https:\/\/zonaroja.com.mx\/wp-content\/uploads\/2020\/06\/Semicalcinado.jpeg","jetpack_sharing_enabled":true,"_links":{"self":[{"href":"https:\/\/zonaroja.com.mx\/index.php?rest_route=\/wp\/v2\/posts\/14048","targetHints":{"allow":["GET"]}}],"collection":[{"href":"https:\/\/zonaroja.com.mx\/index.php?rest_route=\/wp\/v2\/posts"}],"about":[{"href":"https:\/\/zonaroja.com.mx\/index.php?rest_route=\/wp\/v2\/types\/post"}],"author":[{"embeddable":true,"href":"https:\/\/zonaroja.com.mx\/index.php?rest_route=\/wp\/v2\/users\/2"}],"replies":[{"embeddable":true,"href":"https:\/\/zonaroja.com.mx\/index.php?rest_route=%2Fwp%2Fv2%2Fcomments&post=14048"}],"version-history":[{"count":1,"href":"https:\/\/zonaroja.com.mx\/index.php?rest_route=\/wp\/v2\/posts\/14048\/revisions"}],"predecessor-version":[{"id":14050,"href":"https:\/\/zonaroja.com.mx\/index.php?rest_route=\/wp\/v2\/posts\/14048\/revisions\/14050"}],"wp:featuredmedia":[{"embeddable":true,"href":"https:\/\/zonaroja.com.mx\/index.php?rest_route=\/wp\/v2\/media\/14049"}],"wp:attachment":[{"href":"https:\/\/zonaroja.com.mx\/index.php?rest_route=%2Fwp%2Fv2%2Fmedia&parent=14048"}],"wp:term":[{"taxonomy":"category","embeddable":true,"href":"https:\/\/zonaroja.com.mx\/index.php?rest_route=%2Fwp%2Fv2%2Fcategories&post=14048"},{"taxonomy":"post_tag","embeddable":true,"href":"https:\/\/zonaroja.com.mx\/index.php?rest_route=%2Fwp%2Fv2%2Ftags&post=14048"}],"curies":[{"name":"wp","href":"https:\/\/api.w.org\/{rel}","templated":true}]}}