{"id":14051,"date":"2020-06-21T12:20:01","date_gmt":"2020-06-21T17:20:01","guid":{"rendered":"http:\/\/www.zonaroja.com.mx\/?p=14051"},"modified":"2020-06-21T13:59:35","modified_gmt":"2020-06-21T18:59:35","slug":"en-eu-30-mil-contagios-en-un-dia-acumula-mas-de-dos-millones-con-covid","status":"publish","type":"post","link":"https:\/\/zonaroja.com.mx\/?p=14051","title":{"rendered":"En EU, 30 mil contagios en un d\u00eda; acumula m\u00e1s de dos millones con Covid"},"content":{"rendered":"\n<p>Redacci\u00f3n\/Zona\nRoja Cdmx.<\/p>\n\n\n\n<p>Ciudad de\nM\u00e9xico, 21 de junio de 2020.- Los Centros para el Control y Prevenci\u00f3n de\nEnfermedades (CDC, por sus siglas en ingl\u00e9s) reportaron ayer dos millones 215\nmil 618 casos del nuevo coronavirus en Estados Unidos, con incremento de 32 mil\n218 nuevos enfermos desde su recuento anterior, divulgado el viernes, y\nagregaron que se registraron otros 690 decesos, por lo que el acumulado\nnacional subi\u00f3 a 119 mil 55.<\/p>\n\n\n\n<p>De las 38\njurisdicciones del pa\u00eds &#8211;el m\u00e1s afectado por la pandemia en el mundo&#8211; las que\ntienen m\u00e1s decesos son Nueva York, con 8 mil 580; Illinois, con 6 mil 784;\nPennsylvania, 6 mil 419; Michigan, 6 mil 67; California, 5 mil 360 y Florida, 3\nmil 104, de acuerdo con el reporte de los CDC.<\/p>\n\n\n\n<p>Hasta\nayer, en Am\u00e9rica Latina y el Caribe se reportaron 91 mil 377 muertos por la\npandemia y ya hay dos millones 7 mil 621 contagiados, seg\u00fan la agencia de\nnoticias Afp. <\/p>\n\n\n\n<p>Brasil,\nla naci\u00f3n m\u00e1s afectada en la regi\u00f3n y la segunda a escala mundial, contabiliz\u00f3\n49 mil 976 decesos y un mill\u00f3n 67 mil 579 infectados, seg\u00fan cifras oficiales\ndel pa\u00eds.<\/p>\n\n\n\n<p>Chile\nreport\u00f3 7 mil 144 fallecidos al incluir las muertes con probable asociaci\u00f3n a\nla enfermedad y no s\u00f3lo aquellas confirmadas con pruebas de reacci\u00f3n en cadena\nde la polimerasa (PCR, por sus siglas en ingl\u00e9s), informaron autoridades\nsanitarias.<\/p>\n\n\n\n<p>Despu\u00e9s\nde semanas de controversias tras reportes de prensa que daban cuenta de muertes\nno informadas y registros paralelos de fallecimientos probables reportados por\nel gobierno a la OMS, pero no a la poblaci\u00f3n, se decidi\u00f3 hacer p\u00fablico el\nregistro general.<\/p>\n\n\n\n<p>Cuba\nsigue inclinando favorablemente la curva de casos de Covid-19, y ayer confirm\u00f3\ncuatro personas detectadas en La Habana, por lo que su acumulado se increment\u00f3\na 2 mil 309. La cifra de fallecidos se mantiene en 85.<\/p>\n\n\n\n<p>En tanto,\nel gobernador del estado venezolano de Bol\u00edvar, Justo Noguera Pietri, asegur\u00f3 que\n60 por ciento de los connacionales que regresan al pa\u00eds por la frontera con\nBrasil dan positivo a Covid-19.<\/p>\n\n\n\n<p>En el\nmundo, la pandemia del nuevo coronavirus dej\u00f3 ayer 174 mil 400 nuevos casos, la\nsegunda cifra m\u00e1s alta desde el comienzo de la enfermedad, s\u00f3lo detr\u00e1s de los\n177 mil del mi\u00e9rcoles, lo que eleva el total a m\u00e1s de 8.7 millones de personas\ncontagiadas y m\u00e1s de 462 mil v\u00edctimas mortales.<\/p>\n\n\n\n<p>En Europa, que avanza en su regreso a cierta normalidad, se reportaron m\u00e1s de 2.5 millones de contagios, m\u00e1s de la mitad de ellos en Rusia, Reino Unido, Espa\u00f1a, Italia y Francia, y 192 mil 158 muertos, seg\u00fan un recuento de Afp basado en fuentes oficiales.<\/p>\n\n\n\n<p>(Informaci\u00f3n de agencias internacionales y \u00abLa Jornada\u00bb)<\/p>\n","protected":false},"excerpt":{"rendered":"<p>Redacci\u00f3n\/Zona Roja Cdmx. Ciudad de M\u00e9xico, 21 de junio de 2020.- Los Centros para el&hellip;<\/p>\n","protected":false},"author":2,"featured_media":14052,"comment_status":"closed","ping_status":"open","sticky":false,"template":"","format":"standard","meta":{"_lmt_disableupdate":"","_lmt_disable":"","_jetpack_memberships_contains_paid_content":false,"footnotes":""},"categories":[109,47],"tags":[1589],"class_list":["post-14051","post","type-post","status-publish","format-standard","has-post-thumbnail","hentry","category-minuto-a-minuto","category-zona-gris","tag-coronavirus-estados-unidos-de-norteamerica"],"jetpack_featured_media_url":"https:\/\/zonaroja.com.mx\/wp-content\/uploads\/2020\/06\/Coronavirus-Estados-Unidos.jpg","jetpack_sharing_enabled":true,"_links":{"self":[{"href":"https:\/\/zonaroja.com.mx\/index.php?rest_route=\/wp\/v2\/posts\/14051","targetHints":{"allow":["GET"]}}],"collection":[{"href":"https:\/\/zonaroja.com.mx\/index.php?rest_route=\/wp\/v2\/posts"}],"about":[{"href":"https:\/\/zonaroja.com.mx\/index.php?rest_route=\/wp\/v2\/types\/post"}],"author":[{"embeddable":true,"href":"https:\/\/zonaroja.com.mx\/index.php?rest_route=\/wp\/v2\/users\/2"}],"replies":[{"embeddable":true,"href":"https:\/\/zonaroja.com.mx\/index.php?rest_route=%2Fwp%2Fv2%2Fcomments&post=14051"}],"version-history":[{"count":2,"href":"https:\/\/zonaroja.com.mx\/index.php?rest_route=\/wp\/v2\/posts\/14051\/revisions"}],"predecessor-version":[{"id":14067,"href":"https:\/\/zonaroja.com.mx\/index.php?rest_route=\/wp\/v2\/posts\/14051\/revisions\/14067"}],"wp:featuredmedia":[{"embeddable":true,"href":"https:\/\/zonaroja.com.mx\/index.php?rest_route=\/wp\/v2\/media\/14052"}],"wp:attachment":[{"href":"https:\/\/zonaroja.com.mx\/index.php?rest_route=%2Fwp%2Fv2%2Fmedia&parent=14051"}],"wp:term":[{"taxonomy":"category","embeddable":true,"href":"https:\/\/zonaroja.com.mx\/index.php?rest_route=%2Fwp%2Fv2%2Fcategories&post=14051"},{"taxonomy":"post_tag","embeddable":true,"href":"https:\/\/zonaroja.com.mx\/index.php?rest_route=%2Fwp%2Fv2%2Ftags&post=14051"}],"curies":[{"name":"wp","href":"https:\/\/api.w.org\/{rel}","templated":true}]}}