{"id":14060,"date":"2020-06-23T09:00:48","date_gmt":"2020-06-23T14:00:48","guid":{"rendered":"http:\/\/www.zonaroja.com.mx\/?p=14060"},"modified":"2020-06-23T15:42:09","modified_gmt":"2020-06-23T20:42:09","slug":"nace-colectivo-tuxfem-voces-jovenes-contra-la-violencia-hacia-mujeres","status":"publish","type":"post","link":"https:\/\/zonaroja.com.mx\/?p=14060","title":{"rendered":"Nace Colectivo Tuxfem, voces j\u00f3venes contra la violencia hacia mujeres"},"content":{"rendered":"\n<p>Yuridiana\nSosa\/Zona Roja.<\/p>\n\n\n\n<p>San Juan Bautista Tuxtepec, Oax., 23 de junio de 2020.- En medio de una atemorizada sociedad donde las muertes o desapariciones de mujeres se normalizaron, naci\u00f3 el grito combativo del Colectivo Tuxfem.<\/p>\n\n\n\n<p>Sus\nj\u00f3venes voces, ansiosas de escucharse, son un consuelo y respaldo para quienes\nno encontraban el apoyo para exigir o denunciar las injusticias.<\/p>\n\n\n\n<p>Hoy, la\ncolectiva se adentra a las calles de Tuxtepec con pasos firmes contra la\nnormalidad de violencia hacia las mujeres en esta ciudad de la Cuenca y junto a\nlas familias de algunas v\u00edctimas de desaparici\u00f3n, han expuesto el fr\u00e1gil\nsistema de justicia.<\/p>\n\n\n\n<p>REBELDES\nCON CAUSA<\/p>\n\n\n\n<p>Las\nerr\u00f3neas etiquetas sobre el feminismo se colocaron sobre ellas entre sus amigos\no familiares, incluso antes de integrarse al colectivo.<\/p>\n\n\n\n<p>Han\nescuchado en decenas de ocasiones ser se\u00f1aladas de \u201crevoltosas e intolerables\u201d;\nno se acostumbran, solo aprendieron a ignorar esas voces, para ellas, habituadas\na la violencia.<\/p>\n\n\n\n<p>Son\nadolescentes y j\u00f3venes de entre los 17 y 35 a\u00f1os de edad, en su mayor\u00eda\nestudiantes de preparatoria y universidades, las que integran este grupo,\nformalizado hace aproximadamente un a\u00f1o.<\/p>\n\n\n\n<p>Los\nideales en busca de justicia y la protecci\u00f3n de los derechos para las mujeres\nuni\u00f3 en sus inicios a un reducido grupo de cinco j\u00f3venes.<\/p>\n\n\n\n<p>En el\ncamino de la lucha, primero solo de forma digital o entre grupos de amigos,\nsumaron fuerzas hasta llegar a integrar a unas 60 j\u00f3venes.<\/p>\n\n\n\n<p>\u201cEs por\nsororidad entre nosotras, nadie est\u00e1 exento de vivir violencia, necesit\u00e1bamos\nno sentirnos solas\u201d, dicen las j\u00f3venes a ZONA ROJA, quienes tambi\u00e9n saben que\nla lucha no es f\u00e1cil e implica riesgos, por eso en muchas de las ocasiones\nprefieren el anonimato en sus movilizaciones.<\/p>\n\n\n\n<p>\u201cEl feminismo incomoda porque se dice la realidad\u201d apunta \u00c1ngela, mientras Erika afirma que para abanderar esta lucha son responsables, leen e investigan sobre sus causas para tener justificaci\u00f3n y defenderse ante quienes las quieren ofender.<\/p>\n\n\n\n<figure class=\"wp-block-image\"><img decoding=\"async\" width=\"552\" height=\"367\" src=\"http:\/\/www.zonaroja.com.mx\/wp-content\/uploads\/2020\/06\/TuxFem-2.jpg\" alt=\"\" class=\"wp-image-14061\" srcset=\"https:\/\/zonaroja.com.mx\/wp-content\/uploads\/2020\/06\/TuxFem-2.jpg 552w, https:\/\/zonaroja.com.mx\/wp-content\/uploads\/2020\/06\/TuxFem-2-300x199.jpg 300w, https:\/\/zonaroja.com.mx\/wp-content\/uploads\/2020\/06\/TuxFem-2-263x175.jpg 263w\" sizes=\"(max-width: 552px) 100vw, 552px\" \/><\/figure>\n\n\n\n<p>ECO EN\nLAS CALLES<\/p>\n\n\n\n<p>Las\ncalles y plazas p\u00fablicas, casi siempre des\u00e9rticas de manifestaciones, en\nTuxtepec tienen vida ante el Colectivo.<\/p>\n\n\n\n<p>Son ellas\nlas que en \u00faltimos meses las han recorrido en grupo para alzar la voz. La\nprimera vez fue el pasado 28 de septiembre, D\u00eda de Acci\u00f3n Global por el Acceso\nal Aborto Legal, Seguro y Gratuito, tras la despenalizaci\u00f3n del aborto en\nOaxaca.<\/p>\n\n\n\n<p>Su\npresencia incomod\u00f3, rompi\u00f3 con la normalidad; llam\u00f3 la atenci\u00f3n, pero tambi\u00e9n\nhubo indiferencia; han ganado adeptas y tambi\u00e9n eliminado amistades.<\/p>\n\n\n\n<p>Colectivo\nTuxfem abri\u00f3 paso a otras manifestaciones por las recientes j\u00f3venes\ndesaparecidas Tuxtepec; por los feminicidios y las omisiones de las autoridades\nen garantizar seguridad y justicia.<\/p>\n\n\n\n<p>Por esos\nhechos violentos convocaron a su primera marcha mixta, en la que padres y t\u00edos\nde las j\u00f3venes no localizadas fueron aliados. Caminaron, gritaron y exigieron\njuntos.<\/p>\n\n\n\n<p>Para\nellas, signific\u00f3 un gran paso ante la sociedad y conf\u00edan que, tras la\ncontingencia sanitaria, en pr\u00f3ximas convocatorias, se logre una mayor asistencia.<\/p>\n\n\n\n<p>Aunque en\notras ocasiones se han visto otros grupos de j\u00f3venes feministas en Tuxtepec,\neste nuevo Colectivo marca otro precedente en la lucha contra la violencia de\ng\u00e9nero y feminicidios en Tuxtepec.<\/p>\n\n\n\n<p>\u201cNo\nqueremos ser las \u00fanicas, queremos ser m\u00e1s\u201d dicen las j\u00f3venes.<\/p>\n\n\n\n<p>SEGUIR\u00c1N\nLA LUCHA<\/p>\n\n\n\n<p>A pesar\nque varias de ellas enfrentan a sus propias familias por sus ideales\nfeministas, enfrentando cr\u00edticas como \u201cesto no te lleva a nada bueno\u201d, o que\nest\u00e1n \u201clocas\u201d, las j\u00f3venes se sienten con el compromiso de continuar tras los\nprimeros pasos dados.<\/p>\n\n\n\n<p>\u201cNo\nluchamos por tonter\u00edas, luchamos por nuestros derechos\u201d, apuntan las en\u00e9rgicas\nadolescentes.<\/p>\n\n\n\n<p>Entre sus\nplanes se encuentra formalizar una red de apoyo para otras adolescentes y\nj\u00f3venes v\u00edctimas de alg\u00fan tipo de violencia; as\u00ed como con el apoyo de otros\ngrupos feministas de mayor trayectoria para ofrecer talleres que empoderen y\nhagan libres a las mujeres.<\/p>\n\n\n\n<p>\u201cVamos\npoco a poco, pero poco a poco se llega lejos\u201d, sostiene Key.<\/p>\n","protected":false},"excerpt":{"rendered":"<p>Yuridiana Sosa\/Zona Roja. San Juan Bautista Tuxtepec, Oax., 23 de junio de 2020.- En medio&hellip;<\/p>\n","protected":false},"author":2,"featured_media":14062,"comment_status":"closed","ping_status":"open","sticky":false,"template":"","format":"standard","meta":{"_lmt_disableupdate":"","_lmt_disable":"","_jetpack_memberships_contains_paid_content":false,"footnotes":""},"categories":[109,46],"tags":[1778],"class_list":["post-14060","post","type-post","status-publish","format-standard","has-post-thumbnail","hentry","category-minuto-a-minuto","category-zona-blanca","tag-colectivo-tuxfem"],"jetpack_featured_media_url":"https:\/\/zonaroja.com.mx\/wp-content\/uploads\/2020\/06\/TuxFem-1.jpg","jetpack_sharing_enabled":true,"_links":{"self":[{"href":"https:\/\/zonaroja.com.mx\/index.php?rest_route=\/wp\/v2\/posts\/14060","targetHints":{"allow":["GET"]}}],"collection":[{"href":"https:\/\/zonaroja.com.mx\/index.php?rest_route=\/wp\/v2\/posts"}],"about":[{"href":"https:\/\/zonaroja.com.mx\/index.php?rest_route=\/wp\/v2\/types\/post"}],"author":[{"embeddable":true,"href":"https:\/\/zonaroja.com.mx\/index.php?rest_route=\/wp\/v2\/users\/2"}],"replies":[{"embeddable":true,"href":"https:\/\/zonaroja.com.mx\/index.php?rest_route=%2Fwp%2Fv2%2Fcomments&post=14060"}],"version-history":[{"count":2,"href":"https:\/\/zonaroja.com.mx\/index.php?rest_route=\/wp\/v2\/posts\/14060\/revisions"}],"predecessor-version":[{"id":14149,"href":"https:\/\/zonaroja.com.mx\/index.php?rest_route=\/wp\/v2\/posts\/14060\/revisions\/14149"}],"wp:featuredmedia":[{"embeddable":true,"href":"https:\/\/zonaroja.com.mx\/index.php?rest_route=\/wp\/v2\/media\/14062"}],"wp:attachment":[{"href":"https:\/\/zonaroja.com.mx\/index.php?rest_route=%2Fwp%2Fv2%2Fmedia&parent=14060"}],"wp:term":[{"taxonomy":"category","embeddable":true,"href":"https:\/\/zonaroja.com.mx\/index.php?rest_route=%2Fwp%2Fv2%2Fcategories&post=14060"},{"taxonomy":"post_tag","embeddable":true,"href":"https:\/\/zonaroja.com.mx\/index.php?rest_route=%2Fwp%2Fv2%2Ftags&post=14060"}],"curies":[{"name":"wp","href":"https:\/\/api.w.org\/{rel}","templated":true}]}}