{"id":14068,"date":"2020-06-21T14:17:23","date_gmt":"2020-06-21T19:17:23","guid":{"rendered":"http:\/\/www.zonaroja.com.mx\/?p=14068"},"modified":"2020-06-21T15:25:10","modified_gmt":"2020-06-21T20:25:10","slug":"hace-un-mes-policia-de-acatlan-tambien-intento-agredir-a-los-mismos-jovenes","status":"publish","type":"post","link":"https:\/\/zonaroja.com.mx\/?p=14068","title":{"rendered":"Hace un mes, polic\u00eda de Acatl\u00e1n tambi\u00e9n intent\u00f3 agredir a los mismos j\u00f3venes"},"content":{"rendered":"\n<p>Redacci\u00f3n\/Zona\nRoja.<\/p>\n\n\n\n<p>Oaxaca de Ju\u00e1rez, Oax., 21 de junio de 2020.- Anterior al asesinato de Alexander el pasado 9 de junio en Vicente Camalote, \u00e9l y sus amigos habr\u00edan sido hostigados y perseguidos, por elementos de la Polic\u00eda Municipal de Acatl\u00e1n de P\u00e9rez Figueroa.<\/p>\n\n\n\n<p>De\nacuerdo con el testimonio de Ana Luisa G\u00f3mez Silva, publicado por el medio\nlocal peri\u00f3dico \u201cEl Cambio\u201d, su hijo y el resto del grupo de j\u00f3venes que\nsiempre se reuni\u00f3n fueron perseguidos por la polic\u00eda municipal mientras\ncirculaban por las calles de la poblaci\u00f3n.<\/p>\n\n\n\n<p>La mujer\nrecord\u00f3 que hace un mes aproximadamente, cuando los j\u00f3venes tambi\u00e9n acudieron a\nun establecimiento por tacos, a su regreso a su casa, donde ser\u00eda la reuni\u00f3n,\nllegaron agitados y asustados. Una patrulla de la Polic\u00eda Municipal los comenz\u00f3\na seguir a velocidad, sin motivos aparentes.<\/p>\n\n\n\n<p>En aquel entonces, indicaron, libraron cualquier intento de agresi\u00f3n por intervenci\u00f3n de un ciudadano que se atraves\u00f3 con su veh\u00edculo en el camino, impidiendo que la patrulla continuara la persecuci\u00f3n.<\/p>\n\n\n\n<p>La mujer que atestigu\u00f3 la intenci\u00f3n de un elemento policial por sembrar un arma en la mano de Alexander, indic\u00f3 que a los j\u00f3venes de Acatl\u00e1n los asesinan por supuestas confusiones con delincuentes al portar cubrebocas, pero si no los usan, los multan, arrestan y golpean, como ha ocurrido en las \u00faltimas semanas.<\/p>\n\n\n\n<p><div class=\"twitter-tweet\"><blockquote class=\"twitter-tweet\" data-lang=\"es\"><p lang=\"es\" dir=\"ltr\"><a href=\"https:\/\/twitter.com\/hashtag\/JusticiaParaAlexander?src=hash&amp;ref_src=twsrc%5Etfw\">#JusticiaParaAlexander<\/a><br>De acuerdo con testimonios de familiares, desde hace un mes los j\u00f3venes atacados el 9 de junio, en que fue asesinado Alexander, ya hab\u00edan sido acosados y perseguidos por polic\u00edas municipales de Acatl\u00e1n de P\u00e9rez Figueroa.<br>Video: Peri\u00f3dico \u201cEl Cambio\u201d <a href=\"https:\/\/t.co\/92yfO0Zjlq\">pic.twitter.com\/92yfO0Zjlq<\/a><\/p>&mdash; Zona Roja Oaxaca (@MexRoja) <a href=\"https:\/\/twitter.com\/MexRoja\/status\/1274356517114871815?ref_src=twsrc%5Etfw\">20 de junio de 2020<\/a><\/blockquote><\/div><\/p>\n\n\n\n<p>En el\ntestimonio, otorgado durante el sepelio de Alexander, la mujer y el padre del\nadolescente de 16 a\u00f1os, don Teodoro Mart\u00ednez, se\u00f1alaron como responsable al\nelemento Sergio Ram\u00edrez Rosas.<\/p>\n\n\n\n<p>El pasado\n18 de junio, la Fiscal\u00eda General de Oaxaca anunci\u00f3 la vinculaci\u00f3n a proceso y\nprisi\u00f3n para S. R. R. ex polic\u00eda municipal de Acatl\u00e1n como presunto responsable\npor el homicidio doloso contra el joven, perpetrado con una escopeta.<\/p>\n\n\n\n<p>\u201cTuvimos\nque disparar, ellos dispararon primero\u201d, fue lo que la Polic\u00eda Municipal le\ndijo a la mujer cuando lo sorprendi\u00f3 colocando una pistola en la mano derecha\nde Alexander.<\/p>\n\n\n\n<p>G\u00f3mez\nSilva tambi\u00e9n hab\u00eda visto pasar a la patrulla con las luces pagadas, como lo\ntestificaron los j\u00f3venes que sobrevivieron al ataque.<\/p>\n\n\n\n<p>No obstante, hasta ahora s\u00f3lo un elemento policiaco de Acatl\u00e1n, bajo el mando del edil panista Ad\u00e1n Maciel Sosa, ha sido detenido y bajo proceso judicial, pese a que tambi\u00e9n diversas voces han denunciado los abusos policiacos de los elementos.<\/p>\n","protected":false},"excerpt":{"rendered":"<p>Redacci\u00f3n\/Zona Roja. Oaxaca de Ju\u00e1rez, Oax., 21 de junio de 2020.- Anterior al asesinato de&hellip;<\/p>\n","protected":false},"author":2,"featured_media":14069,"comment_status":"closed","ping_status":"open","sticky":false,"template":"","format":"standard","meta":{"_lmt_disableupdate":"","_lmt_disable":"","_jetpack_memberships_contains_paid_content":false,"footnotes":""},"categories":[109,51],"tags":[187,1749],"class_list":["post-14068","post","type-post","status-publish","format-standard","has-post-thumbnail","hentry","category-minuto-a-minuto","category-zona-roja","tag-acatlan-de-perez-figueroa","tag-alexander-g-m"],"jetpack_featured_media_url":"https:\/\/zonaroja.com.mx\/wp-content\/uploads\/2020\/06\/Acatl\u00e1n-de-P\u00e9rez-Figueroa.jpg","jetpack_sharing_enabled":true,"_links":{"self":[{"href":"https:\/\/zonaroja.com.mx\/index.php?rest_route=\/wp\/v2\/posts\/14068","targetHints":{"allow":["GET"]}}],"collection":[{"href":"https:\/\/zonaroja.com.mx\/index.php?rest_route=\/wp\/v2\/posts"}],"about":[{"href":"https:\/\/zonaroja.com.mx\/index.php?rest_route=\/wp\/v2\/types\/post"}],"author":[{"embeddable":true,"href":"https:\/\/zonaroja.com.mx\/index.php?rest_route=\/wp\/v2\/users\/2"}],"replies":[{"embeddable":true,"href":"https:\/\/zonaroja.com.mx\/index.php?rest_route=%2Fwp%2Fv2%2Fcomments&post=14068"}],"version-history":[{"count":2,"href":"https:\/\/zonaroja.com.mx\/index.php?rest_route=\/wp\/v2\/posts\/14068\/revisions"}],"predecessor-version":[{"id":14074,"href":"https:\/\/zonaroja.com.mx\/index.php?rest_route=\/wp\/v2\/posts\/14068\/revisions\/14074"}],"wp:featuredmedia":[{"embeddable":true,"href":"https:\/\/zonaroja.com.mx\/index.php?rest_route=\/wp\/v2\/media\/14069"}],"wp:attachment":[{"href":"https:\/\/zonaroja.com.mx\/index.php?rest_route=%2Fwp%2Fv2%2Fmedia&parent=14068"}],"wp:term":[{"taxonomy":"category","embeddable":true,"href":"https:\/\/zonaroja.com.mx\/index.php?rest_route=%2Fwp%2Fv2%2Fcategories&post=14068"},{"taxonomy":"post_tag","embeddable":true,"href":"https:\/\/zonaroja.com.mx\/index.php?rest_route=%2Fwp%2Fv2%2Ftags&post=14068"}],"curies":[{"name":"wp","href":"https:\/\/api.w.org\/{rel}","templated":true}]}}