{"id":14071,"date":"2020-06-21T14:23:35","date_gmt":"2020-06-21T19:23:35","guid":{"rendered":"http:\/\/www.zonaroja.com.mx\/?p=14071"},"modified":"2020-06-21T14:23:38","modified_gmt":"2020-06-21T19:23:38","slug":"oaxaca-fertil-al-homicidio-de-ninos-y-jovenes-van-mas-de-17","status":"publish","type":"post","link":"https:\/\/zonaroja.com.mx\/?p=14071","title":{"rendered":"Oaxaca, f\u00e9rtil al homicidio de ni\u00f1os y j\u00f3venes; van m\u00e1s de 17"},"content":{"rendered":"\n<p>Yuridiana Sosa\/Zona Roja. Foto: Especial El Clar\u00edn<\/p>\n\n\n\n<p>Oaxaca de\nJu\u00e1rez, Oax., 21 de junio de 2020.- Durante el primer cuatrimestre de este a\u00f1o,\nal menos 17 menores de edad han muerto v\u00edctimas de homicidios dolosos en\nOaxaca, sin embargo, a la cifra se suman recientes casos contra otros j\u00f3venes\nocurridos en la regi\u00f3n de la Cuenca y Valles Centrales.<\/p>\n\n\n\n<p>De enero\na abril, el Secretariado Ejecutivo del Sistema Nacional de Seguridad P\u00fablica\n(SESNSP) registr\u00f3 que 15 varones y una mujer, menores de edad, fueron\nasesinados de forma violenta con un arma de fuego, adem\u00e1s de otro homicidio\ndoloso con arma blanca.<\/p>\n\n\n\n<p>Pero en\nlas \u00faltimas semanas, entre mayo y junio, tambi\u00e9n se han cometido asesinatos de\nadolescentes, algunos de entre 20 y 23 a\u00f1os, en los municipios de San Juan\nBautista Tuxtepec y Acatl\u00e1n de P\u00e9rez Figueroa en la regi\u00f3n de la Cuenca y en\nSan Pablo Huitzo, en Valles Centrales.<\/p>\n\n\n\n<p>El caso\nm\u00e1s reciente ocurri\u00f3 en Acatl\u00e1n, donde un elemento de la Polic\u00eda Municipal\nasesin\u00f3 con una escopeta, seg\u00fan indagatorias de la Fiscal\u00eda General de Oaxaca,\na un joven de 16 a\u00f1os de edad y uno m\u00e1s de 15 a\u00f1os result\u00f3 lesionado.<\/p>\n\n\n\n<p>Alexander,\nde nacionalidad M\u00e9xico- Estados Unidos, fue v\u00edctima del homicidio el pasado 9\nde junio. <\/p>\n\n\n\n<p>Las\nversiones sobre el ataque se han cambiado, primero de ser confundido con un\ndelincuente, a que el elemento trat\u00f3 de defenderse de un supuesto ataque del\ngrupo de j\u00f3venes con el que iban, hasta la oficial, que corresponde a una que\nsupuestamente el arma del polic\u00eda se activ\u00f3 por accidente.<\/p>\n\n\n\n<p>Una noche\ndespu\u00e9s, el 11 de junio, otro menor de edad de 17 a\u00f1os fue ejecutado otro junto\ncon su madre en el Ejido San Bartolo de San Juan Bautista Tuxtepec.<\/p>\n\n\n\n<p>En esa\nmisma localidad, el pasado 9 de junio tambi\u00e9n fue acribillado un joven de 23\na\u00f1os de edad, mientras que el domingo 7 de junio otros dos j\u00f3venes tambi\u00e9n\nfueron ejecutados en la cancha deportiva de ese ejido de Tuxtepec.<\/p>\n\n\n\n<p>Otro\nhecho lamentable ocurrido en el mes de mayo, pero dado a conocer recientemente\npor una denuncia p\u00fablica este 11 de junio, se registr\u00f3 en San Pablo Huitzo, en\nla regi\u00f3n de Valles Centrales.<\/p>\n\n\n\n<p>Dos\nj\u00f3venes, de aproximadamente 20 a\u00f1os de edad, fueron golpeados por pobladores de\nla localidad, en probable complicidad con la autoridad municipal y elementos de\nla polic\u00eda.<\/p>\n\n\n\n<p>Jaciel\nL.P., una de las v\u00edctimas, relat\u00f3 que su hermano falleci\u00f3 a consecuencia de las\nlesiones recibidas sin motivo aparente para la detenci\u00f3n policial y ser\nentregados a la comunidad.<\/p>\n\n\n\n<p>Los\nj\u00f3venes fueron se\u00f1alados por delito de robo, sin ser se\u00f1alado el caso de forma\nespec\u00edfica, ni da oportunidad a su debida defensa. Jaciel agreg\u00f3 que por los\nhechos no existe una investigaci\u00f3n por parte de la Fiscal\u00eda General de Estado\nde Oaxaca.<\/p>\n\n\n\n<p>Entre los\nmeses de enero y abril, 27 menores de edad han sido v\u00edctimas de alg\u00fan tipo de\nhomicidios con el uso de distintas armas o elementos; la cifra descarta 16\nv\u00edctimas m\u00e1s de accidentes de tr\u00e1nsito.<\/p>\n","protected":false},"excerpt":{"rendered":"<p>Yuridiana Sosa\/Zona Roja. Foto: Especial El Clar\u00edn Oaxaca de Ju\u00e1rez, Oax., 21 de junio de&hellip;<\/p>\n","protected":false},"author":2,"featured_media":14072,"comment_status":"closed","ping_status":"open","sticky":false,"template":"","format":"standard","meta":{"_lmt_disableupdate":"","_lmt_disable":"","_jetpack_memberships_contains_paid_content":false,"footnotes":""},"categories":[109,51],"tags":[1779],"class_list":["post-14071","post","type-post","status-publish","format-standard","has-post-thumbnail","hentry","category-minuto-a-minuto","category-zona-roja","tag-homicidios-adolescentes-oaxaca"],"jetpack_featured_media_url":"https:\/\/zonaroja.com.mx\/wp-content\/uploads\/2020\/06\/Alexander-sepelio-2.jpg","jetpack_sharing_enabled":true,"_links":{"self":[{"href":"https:\/\/zonaroja.com.mx\/index.php?rest_route=\/wp\/v2\/posts\/14071","targetHints":{"allow":["GET"]}}],"collection":[{"href":"https:\/\/zonaroja.com.mx\/index.php?rest_route=\/wp\/v2\/posts"}],"about":[{"href":"https:\/\/zonaroja.com.mx\/index.php?rest_route=\/wp\/v2\/types\/post"}],"author":[{"embeddable":true,"href":"https:\/\/zonaroja.com.mx\/index.php?rest_route=\/wp\/v2\/users\/2"}],"replies":[{"embeddable":true,"href":"https:\/\/zonaroja.com.mx\/index.php?rest_route=%2Fwp%2Fv2%2Fcomments&post=14071"}],"version-history":[{"count":1,"href":"https:\/\/zonaroja.com.mx\/index.php?rest_route=\/wp\/v2\/posts\/14071\/revisions"}],"predecessor-version":[{"id":14073,"href":"https:\/\/zonaroja.com.mx\/index.php?rest_route=\/wp\/v2\/posts\/14071\/revisions\/14073"}],"wp:featuredmedia":[{"embeddable":true,"href":"https:\/\/zonaroja.com.mx\/index.php?rest_route=\/wp\/v2\/media\/14072"}],"wp:attachment":[{"href":"https:\/\/zonaroja.com.mx\/index.php?rest_route=%2Fwp%2Fv2%2Fmedia&parent=14071"}],"wp:term":[{"taxonomy":"category","embeddable":true,"href":"https:\/\/zonaroja.com.mx\/index.php?rest_route=%2Fwp%2Fv2%2Fcategories&post=14071"},{"taxonomy":"post_tag","embeddable":true,"href":"https:\/\/zonaroja.com.mx\/index.php?rest_route=%2Fwp%2Fv2%2Ftags&post=14071"}],"curies":[{"name":"wp","href":"https:\/\/api.w.org\/{rel}","templated":true}]}}