{"id":14075,"date":"2020-06-21T18:23:14","date_gmt":"2020-06-21T23:23:14","guid":{"rendered":"http:\/\/www.zonaroja.com.mx\/?p=14075"},"modified":"2020-06-21T18:23:18","modified_gmt":"2020-06-21T23:23:18","slug":"violencia-entre-grupos-armados-revive-en-san-mateo-del-mar-cinco-heridos","status":"publish","type":"post","link":"https:\/\/zonaroja.com.mx\/?p=14075","title":{"rendered":"Violencia entre grupos armados revive en San Mateo del Mar: cinco heridos"},"content":{"rendered":"\n<p>Redacci\u00f3n\/Zona\nRoja.<\/p>\n\n\n\n<p>Oaxaca de Ju\u00e1rez, Oax., 21 de junio de 2020.- La violencia entre grupos armados deton\u00f3 de nuevo este domingo en San Mateo del Mar, Oaxaca, con saldo preliminar de cinco personas heridas de bala.<\/p>\n\n\n\n<p>Los\nhechos sucedieron alrededor de las 14:00 horas cuando pobladores de varias\nagencias de ese municipio de la zona huave del Istmo de Tehuantepec, se\ndirig\u00edan a Huazantl\u00e1n del R\u00edo, presuntamente para una asamblea informativa.<\/p>\n\n\n\n<p>Sin embargo, al llegar a un ret\u00e9n en la localidad de Reforma, presunto filtro sanitario, hab\u00eda llantas quemadas para frenar el paso y fueron agredidos con armas, al parecer de grueso calibre, por varios sujetos.<\/p>\n\n\n\n<p>La\ndisputa entre los bandos, de acuerdo con fuentes oficiales, es por el manejo\ndel presupuesto, que es de alrededor de 60 millones de pesos al a\u00f1o, y de\nninguna manera de tipo pol\u00edtico o administrativo.<\/p>\n\n\n\n<p>\u201cHemos alertado\nen tiempo y forma del peligro que se cierne sobre nuestra comunidad Ikoot. La\ncomplicidad del supuesto presidente municipal, Bernardino Ponce Hinojosa, y el\nempresario Jorge Leoncio Arroyo Rodr\u00edguez, sigue cobrando v\u00edctimas entre los\nIkoots y las autoridades federales se cruzan las manos ante estas injusticias\u201d,\ndijeron en un comunicado integrantes de la Uni\u00f3n de Agencias y Comunidades\nInd\u00edgenas Ikoots.<\/p>\n","protected":false},"excerpt":{"rendered":"<p>Redacci\u00f3n\/Zona Roja. Oaxaca de Ju\u00e1rez, Oax., 21 de junio de 2020.- La violencia entre grupos&hellip;<\/p>\n","protected":false},"author":2,"featured_media":11884,"comment_status":"closed","ping_status":"open","sticky":false,"template":"","format":"standard","meta":{"_lmt_disableupdate":"","_lmt_disable":"","_jetpack_memberships_contains_paid_content":false,"footnotes":""},"categories":[109,51],"tags":[605],"class_list":["post-14075","post","type-post","status-publish","format-standard","has-post-thumbnail","hentry","category-minuto-a-minuto","category-zona-roja","tag-san-mateo-del-mar"],"jetpack_featured_media_url":"https:\/\/zonaroja.com.mx\/wp-content\/uploads\/2020\/05\/San-Mateo-del-Mar-4.jpg","jetpack_sharing_enabled":true,"_links":{"self":[{"href":"https:\/\/zonaroja.com.mx\/index.php?rest_route=\/wp\/v2\/posts\/14075","targetHints":{"allow":["GET"]}}],"collection":[{"href":"https:\/\/zonaroja.com.mx\/index.php?rest_route=\/wp\/v2\/posts"}],"about":[{"href":"https:\/\/zonaroja.com.mx\/index.php?rest_route=\/wp\/v2\/types\/post"}],"author":[{"embeddable":true,"href":"https:\/\/zonaroja.com.mx\/index.php?rest_route=\/wp\/v2\/users\/2"}],"replies":[{"embeddable":true,"href":"https:\/\/zonaroja.com.mx\/index.php?rest_route=%2Fwp%2Fv2%2Fcomments&post=14075"}],"version-history":[{"count":1,"href":"https:\/\/zonaroja.com.mx\/index.php?rest_route=\/wp\/v2\/posts\/14075\/revisions"}],"predecessor-version":[{"id":14076,"href":"https:\/\/zonaroja.com.mx\/index.php?rest_route=\/wp\/v2\/posts\/14075\/revisions\/14076"}],"wp:featuredmedia":[{"embeddable":true,"href":"https:\/\/zonaroja.com.mx\/index.php?rest_route=\/wp\/v2\/media\/11884"}],"wp:attachment":[{"href":"https:\/\/zonaroja.com.mx\/index.php?rest_route=%2Fwp%2Fv2%2Fmedia&parent=14075"}],"wp:term":[{"taxonomy":"category","embeddable":true,"href":"https:\/\/zonaroja.com.mx\/index.php?rest_route=%2Fwp%2Fv2%2Fcategories&post=14075"},{"taxonomy":"post_tag","embeddable":true,"href":"https:\/\/zonaroja.com.mx\/index.php?rest_route=%2Fwp%2Fv2%2Ftags&post=14075"}],"curies":[{"name":"wp","href":"https:\/\/api.w.org\/{rel}","templated":true}]}}