{"id":14080,"date":"2020-06-21T20:02:22","date_gmt":"2020-06-22T01:02:22","guid":{"rendered":"http:\/\/www.zonaroja.com.mx\/?p=14080"},"modified":"2020-06-21T20:02:26","modified_gmt":"2020-06-22T01:02:26","slug":"el-1-de-julio-iniciaria-oaxaca-nueva-normalidad-aun-sigue-en-semaforo-rojo","status":"publish","type":"post","link":"https:\/\/zonaroja.com.mx\/?p=14080","title":{"rendered":"El 1 de julio iniciar\u00eda Oaxaca \u201cnueva normalidad\u201d; a\u00fan sigue en sem\u00e1foro rojo"},"content":{"rendered":"\n<p>Ismael\nGarc\u00eda M.\/Zona Roja.<\/p>\n\n\n\n<p>Oaxaca de\nJu\u00e1rez, Oax., 21 de junio de 2020.- Aun cuando Oaxaca continuar\u00e1 la pr\u00f3xima\nsemana en sem\u00e1foro rojo de la pandemia de Covid-19, el gobernador Alejandro\nMurat Hinojosa anunci\u00f3 que el 1 de julio iniciar\u00eda la \u201cnueva normalidad\u201d.<\/p>\n\n\n\n<p>\u201cDe\nacuerdo a los n\u00fameros que nos comparte la Secretar\u00eda de Salud, la tendencia,\nhoy de contagios en Oaxaca, es estable, por lo que es predecible que la semana\nsiguiente podamos transitar al \u2018sem\u00e1foro naranja\u2019.<\/p>\n\n\n\n<p>\u201cEsto significa que, a partir del primero de julio, todos los sectores de la sociedad oaxaque\u00f1a debemos de prepararnos para que, de forma gradual, transitemos a la \u2018Nueva Normalidad\u2019\u201d, dijo en un breve mensaje emitido esta noche a trav\u00e9s de la Corporaci\u00f3n Oaxaque\u00f1a de Radio y Televisi\u00f3n.<\/p>\n\n\n\n<figure class=\"wp-block-embed-twitter wp-block-embed is-type-rich is-provider-twitter\"><div class=\"wp-block-embed__wrapper\">\n<div class=\"twitter-tweet\"><blockquote class=\"twitter-tweet\" data-lang=\"es\"><p lang=\"es\" dir=\"ltr\"><a href=\"https:\/\/twitter.com\/hashtag\/%C3%9AltimoMinuto?src=hash&amp;ref_src=twsrc%5Etfw\">#\u00daltimoMinuto<\/a> <br>Esta noche, el gobernador de Oaxaca, <a href=\"https:\/\/twitter.com\/alejandromurat?ref_src=twsrc%5Etfw\">@alejandromurat<\/a>, anunci\u00f3 que a partir del pr\u00f3ximo 1 de julio la entidad retomar\u00e1 las actividades de manera gradual, con las respectivas medidas sanitarias para evitar el Covid-19. <a href=\"https:\/\/t.co\/ApiNTfghyH\">pic.twitter.com\/ApiNTfghyH<\/a><\/p>&mdash; Zona Roja Oaxaca (@MexRoja) <a href=\"https:\/\/twitter.com\/MexRoja\/status\/1274864802968436737?ref_src=twsrc%5Etfw\">22 de junio de 2020<\/a><\/blockquote><\/div>\n<\/div><\/figure>\n\n\n\n<p>Reconoci\u00f3\nque actualmente la entidad se encuentra en sem\u00e1foro rojo por el alto n\u00famero de\ncasos de coronavirus; \u201ceso significa que seguimos en el nivel m\u00e1s alto de\nriesgo, por lo tanto, debes de quedarte en casa y s\u00f3lo salir a tareas\nesenciales, como la salud y la alimentaci\u00f3n, y seguir las medidas de mitigaci\u00f3n,\na\u00f1adi\u00f3.<\/p>\n\n\n\n<p>Indic\u00f3\nque quienes deban salir a la v\u00eda p\u00fablica, deber\u00e1 ser su obligaci\u00f3n cuidar su\nsalud y la de los dem\u00e1s, utilizando de manera obligatoria el cubreboca;\nmantener el distanciamiento social y lavarse de manera permanente las manos;\nlos grupos vulnerables de la poblaci\u00f3n, deber\u00e1n seguir en casa.<\/p>\n","protected":false},"excerpt":{"rendered":"<p>Ismael Garc\u00eda M.\/Zona Roja. Oaxaca de Ju\u00e1rez, Oax., 21 de junio de 2020.- Aun cuando&hellip;<\/p>\n","protected":false},"author":2,"featured_media":11411,"comment_status":"closed","ping_status":"open","sticky":false,"template":"","format":"standard","meta":{"_lmt_disableupdate":"","_lmt_disable":"","_jetpack_memberships_contains_paid_content":false,"footnotes":""},"categories":[109,47],"tags":[1512],"class_list":["post-14080","post","type-post","status-publish","format-standard","has-post-thumbnail","hentry","category-minuto-a-minuto","category-zona-gris","tag-coronavirus-oaxaca"],"jetpack_featured_media_url":"https:\/\/zonaroja.com.mx\/wp-content\/uploads\/2020\/04\/IMG_4200.png","jetpack_sharing_enabled":true,"_links":{"self":[{"href":"https:\/\/zonaroja.com.mx\/index.php?rest_route=\/wp\/v2\/posts\/14080","targetHints":{"allow":["GET"]}}],"collection":[{"href":"https:\/\/zonaroja.com.mx\/index.php?rest_route=\/wp\/v2\/posts"}],"about":[{"href":"https:\/\/zonaroja.com.mx\/index.php?rest_route=\/wp\/v2\/types\/post"}],"author":[{"embeddable":true,"href":"https:\/\/zonaroja.com.mx\/index.php?rest_route=\/wp\/v2\/users\/2"}],"replies":[{"embeddable":true,"href":"https:\/\/zonaroja.com.mx\/index.php?rest_route=%2Fwp%2Fv2%2Fcomments&post=14080"}],"version-history":[{"count":1,"href":"https:\/\/zonaroja.com.mx\/index.php?rest_route=\/wp\/v2\/posts\/14080\/revisions"}],"predecessor-version":[{"id":14081,"href":"https:\/\/zonaroja.com.mx\/index.php?rest_route=\/wp\/v2\/posts\/14080\/revisions\/14081"}],"wp:featuredmedia":[{"embeddable":true,"href":"https:\/\/zonaroja.com.mx\/index.php?rest_route=\/wp\/v2\/media\/11411"}],"wp:attachment":[{"href":"https:\/\/zonaroja.com.mx\/index.php?rest_route=%2Fwp%2Fv2%2Fmedia&parent=14080"}],"wp:term":[{"taxonomy":"category","embeddable":true,"href":"https:\/\/zonaroja.com.mx\/index.php?rest_route=%2Fwp%2Fv2%2Fcategories&post=14080"},{"taxonomy":"post_tag","embeddable":true,"href":"https:\/\/zonaroja.com.mx\/index.php?rest_route=%2Fwp%2Fv2%2Ftags&post=14080"}],"curies":[{"name":"wp","href":"https:\/\/api.w.org\/{rel}","templated":true}]}}