{"id":14086,"date":"2020-06-22T07:13:32","date_gmt":"2020-06-22T12:13:32","guid":{"rendered":"http:\/\/www.zonaroja.com.mx\/?p=14086"},"modified":"2020-06-22T07:13:36","modified_gmt":"2020-06-22T12:13:36","slug":"nueva-agresion-armada-en-san-mateo-del-mar-deja-dos-muertos","status":"publish","type":"post","link":"https:\/\/zonaroja.com.mx\/?p=14086","title":{"rendered":"Nueva agresi\u00f3n armada en San Mateo del Mar deja dos muertos"},"content":{"rendered":"\n<p>Redacci\u00f3n\/Zona\nRoja.<\/p>\n\n\n\n<p>Oaxaca de Ju\u00e1rez, Oax., 22 de junio de 2020.- Un segundo ataque armado anoche en el municipio de San Mateo del Mar, Oaxaca, dej\u00f3 al menos dos personas muertas y una veintena de lesionados, seg\u00fan datos preliminares.<\/p>\n\n\n\n<p>Alrededor\nde las 20:00 horas, pobladores que se encontraban en la explanada de la agencia\nde Huazantl\u00e1n del R\u00edo fueron baleadas y golpeadas por sujetos con armas de\nfuego, palos y machetes, quienes adem\u00e1s retuvieron a algunos individuos.<\/p>\n\n\n\n<p>Seg\u00fan las\nv\u00edctimas, entre los agresores se encuentran Camerino D\u00e1valos Larr\u00e1inzar, Jos\u00e9\nLuis Ch\u00e1vez Salinas, Pedro D\u00e1valos Larr\u00e1inzar, Laura Fiallo Sandoval, Marcelino\nRam\u00edrez Nolasco e Iv\u00e1n Mateos L\u00f3pez.<\/p>\n\n\n\n<p>Hasta el\nmomento no existe informaci\u00f3n oficial respecto a estos \u00faltimos hechos. Al\nmediod\u00eda se registr\u00f3 el primer ataque armado en el filtro sanitario ubicado a\nla entrada de la agencia de Reforma; seg\u00fan una de las partes fueron cuatro personas\nlesionadas de bala, entre ellas dos mujeres.<\/p>\n\n\n\n<p>HAY\nSEGURIDAD<\/p>\n\n\n\n<p>En tanto,\nen un comunicado, la Secretar\u00eda de Seguridad P\u00fablica de Oaxaca inform\u00f3 que\njunto con la Guardia Nacional mantiene vigilancia y patrullaje en zonas de San\nMateo del Mar.<\/p>\n\n\n\n<p>Adem\u00e1s,\ndijo, se coordina con personal de la Guardia Nacional (GN), la Secretar\u00eda\nGeneral de Gobierno (Segego) y la Defensor\u00eda de los Derechos Humanos del Pueblo\nde Oaxaca (DDHPO), \u201cprivilegiando de este modo la resoluci\u00f3n de conflictos por\nla v\u00eda del di\u00e1logo, a trav\u00e9s de las v\u00edas institucionales\u201d.<\/p>\n\n\n\n<p>Expuso\nque desde hace dos meses se implementan diversos operativos coordinados entre\nlos tres \u00f3rdenes de gobierno, a fin de garantizar el bienestar y seguridad de\nla ciudadan\u00eda en la regi\u00f3n del Istmo de Tehuantepec.<\/p>\n\n\n\n<p>DOS\nMUERTOS EN CHIMALAPA<\/p>\n\n\n\n<p>Por otra\nparte, ayer domingo se registr\u00f3 una presunta ri\u00f1a en San Miguel Chimalapa, que\nderiv\u00f3 en la muerte de dos personas por disparos de arma de fuego.<\/p>\n\n\n\n<p>Las\nv\u00edctimas fueron identificadas de manera preliminar como Jes\u00fas J. S. y Abel S.\nC.<\/p>\n","protected":false},"excerpt":{"rendered":"<p>Redacci\u00f3n\/Zona Roja. Oaxaca de Ju\u00e1rez, Oax., 22 de junio de 2020.- Un segundo ataque armado&hellip;<\/p>\n","protected":false},"author":2,"featured_media":14087,"comment_status":"closed","ping_status":"open","sticky":false,"template":"","format":"standard","meta":{"_lmt_disableupdate":"","_lmt_disable":"","_jetpack_memberships_contains_paid_content":false,"footnotes":""},"categories":[109,51],"tags":[605],"class_list":["post-14086","post","type-post","status-publish","format-standard","has-post-thumbnail","hentry","category-minuto-a-minuto","category-zona-roja","tag-san-mateo-del-mar"],"jetpack_featured_media_url":"https:\/\/zonaroja.com.mx\/wp-content\/uploads\/2020\/06\/Baleados-San-Mateo-del-Mar.jpg","jetpack_sharing_enabled":true,"_links":{"self":[{"href":"https:\/\/zonaroja.com.mx\/index.php?rest_route=\/wp\/v2\/posts\/14086","targetHints":{"allow":["GET"]}}],"collection":[{"href":"https:\/\/zonaroja.com.mx\/index.php?rest_route=\/wp\/v2\/posts"}],"about":[{"href":"https:\/\/zonaroja.com.mx\/index.php?rest_route=\/wp\/v2\/types\/post"}],"author":[{"embeddable":true,"href":"https:\/\/zonaroja.com.mx\/index.php?rest_route=\/wp\/v2\/users\/2"}],"replies":[{"embeddable":true,"href":"https:\/\/zonaroja.com.mx\/index.php?rest_route=%2Fwp%2Fv2%2Fcomments&post=14086"}],"version-history":[{"count":1,"href":"https:\/\/zonaroja.com.mx\/index.php?rest_route=\/wp\/v2\/posts\/14086\/revisions"}],"predecessor-version":[{"id":14088,"href":"https:\/\/zonaroja.com.mx\/index.php?rest_route=\/wp\/v2\/posts\/14086\/revisions\/14088"}],"wp:featuredmedia":[{"embeddable":true,"href":"https:\/\/zonaroja.com.mx\/index.php?rest_route=\/wp\/v2\/media\/14087"}],"wp:attachment":[{"href":"https:\/\/zonaroja.com.mx\/index.php?rest_route=%2Fwp%2Fv2%2Fmedia&parent=14086"}],"wp:term":[{"taxonomy":"category","embeddable":true,"href":"https:\/\/zonaroja.com.mx\/index.php?rest_route=%2Fwp%2Fv2%2Fcategories&post=14086"},{"taxonomy":"post_tag","embeddable":true,"href":"https:\/\/zonaroja.com.mx\/index.php?rest_route=%2Fwp%2Fv2%2Ftags&post=14086"}],"curies":[{"name":"wp","href":"https:\/\/api.w.org\/{rel}","templated":true}]}}