{"id":14096,"date":"2020-06-22T12:56:07","date_gmt":"2020-06-22T17:56:07","guid":{"rendered":"http:\/\/www.zonaroja.com.mx\/?p=14096"},"modified":"2020-06-22T12:57:20","modified_gmt":"2020-06-22T17:57:20","slug":"masacran-a-15-personas-entre-ellas-mujeres-en-san-mateo-del-mar","status":"publish","type":"post","link":"https:\/\/zonaroja.com.mx\/?p=14096","title":{"rendered":"Masacran a 15 personas, entre ellas mujeres, en San Mateo del Mar"},"content":{"rendered":"\n<p>Redacci\u00f3n\/Zona\nRoja.<\/p>\n\n\n\n<p>Oaxaca de\nJu\u00e1rez, Oax., 22 de junio de 2020.-&nbsp; Al\nmenos 15 personas, entre ellas varias mujeres, fueron masacradas, torturadas y\ncalcinadas algunas de ellas, en la comunidad de Huazantl\u00e1n del R\u00edo, San Mateo\ndel Mar.<\/p>\n\n\n\n<p>De acuerdo con datos preliminares, proporcionados por familiares de las v\u00edctimas, los ataques fueron por parte de un grupo con armas de grueso calibre, entre anoche y la madrugada de hoy, durante la concentraci\u00f3n que manten\u00edan en la explanada de la agencia municipal.<\/p>\n\n\n\n<p>Adem\u00e1s,\nhay un n\u00famero indeterminado de pobladores desaparecidos y lesionados, de cuyo\nsaldo hasta el momento no hay informaci\u00f3n oficial.<\/p>\n\n\n\n<p>Al\nmediod\u00eda de ayer se registr\u00f3 un primer ataque armado, en el acceso a la\ncomunidad de La Reforma, donde se localizaba un filtro sanitario, y en que\nresultaron heridas cinco personas.<\/p>\n\n\n\n<p>El\nGobierno del Estado inform\u00f3 que el titular de la Secretar\u00eda de Seguridad\nP\u00fablica de Oaxaca, Ra\u00fal Ernesto Salcedo Rosales, se encuentra en San Mateo del\nMar para encabezar los esfuerzos con el fin de detener la violencia desatada\neste domingo.<\/p>\n\n\n\n<p>Indic\u00f3 en\nesta ocasi\u00f3n que se los hechos se deben a un conflicto pol\u00edtico entre las\nagencias municipales de este municipio del Istmo de Tehuantepec, aunque las\nprimeras versiones oficiales negaron l\u00edos de este tipo y atribuyeron al\nconflicto al manejo del presupuesto, que es de alrededor de 60 millones de\npesos al a\u00f1o.<\/p>\n\n\n\n<p>Im\u00e1genes\ndifundidas por los habitantes dan cuenta que al menos unas cinco personas\nintentaron ser calcinadas, una de ellas con la mitad del cuerpo \u2013de cintura a\nlos pies- incinerado, mientras que algunas v\u00edctimas m\u00e1s con alguna parte de su\ncuerpo da\u00f1ado por el fuego.<\/p>\n\n\n\n<p>En el\nescenario violento, sobre un predio donde se realizaron las fogatas, tambi\u00e9n\nquedaron vida otras personas, entre ellas dos mujeres, con los rostros\nsangrentados.<\/p>\n\n\n\n<p>De\nacuerdo con versiones de las v\u00edctimas, entre los agresores se encuentran\nCamerino D\u00e1valos Larr\u00e1inzar, Jos\u00e9 Luis Ch\u00e1vez Salinas, Pedro D\u00e1valos\nLarr\u00e1inzar, Laura Fiallo Sandoval, Marcelino Ram\u00edrez Nolasco e Iv\u00e1n Mateos\nL\u00f3pez.<\/p>\n\n\n\n<p>A los\nataques de este domingo le anteceden otras registradas el 22 y 3 de mayo, en\ninmediaciones de la comunidad de agencias de Huazantl\u00e1n del R\u00edo.<\/p>\n\n\n\n<p>En la\nprimera ocasi\u00f3n el problema deriv\u00f3 cuando un grupo de personas pretendi\u00f3 cruzar\nel cerco sanitario de acceso a la agencia municipal de Huazantl\u00e1n del R\u00edo, por\nlo que los presuntos infractores iniciaron las agresiones.<\/p>\n\n\n\n<p>El saldo\nfue una persona herida por arma de fuego, el incendio de la vivienda del agente\nmunicipal Luis Ch\u00e1vez, adem\u00e1s de otros dos veh\u00edculos quemados.<\/p>\n\n\n\n<p>Posteriormente\nlos pobladores de San Mateo del Mar denunciaron nuevos ataques en instalaciones\nde la agencia de Huazantl\u00e1n del R\u00edo y en la entrada del municipio, por parte de\nautoridades del ayuntamiento.<\/p>\n\n\n\n<p>En\naquella ocasi\u00f3n se\u00f1alaron a directamente a Bernardino Ponce Hinojosa y su\nasesor, constructor y consejero, Jorge Leoncio Arroyo Rodr\u00edguez, quienes\nagredieron con armas de uso exclusivo del Ej\u00e9rcito a las agencias de Huazantl\u00e1n\ndel R\u00edo, Colonia Ju\u00e1rez y Costa Rica.<\/p>\n","protected":false},"excerpt":{"rendered":"<p>Redacci\u00f3n\/Zona Roja. Oaxaca de Ju\u00e1rez, Oax., 22 de junio de 2020.-&nbsp; Al menos 15 personas,&hellip;<\/p>\n","protected":false},"author":2,"featured_media":14097,"comment_status":"closed","ping_status":"open","sticky":false,"template":"","format":"standard","meta":{"_lmt_disableupdate":"","_lmt_disable":"","_jetpack_memberships_contains_paid_content":false,"footnotes":""},"categories":[51],"tags":[1656,605],"class_list":["post-14096","post","type-post","status-publish","format-standard","has-post-thumbnail","hentry","category-zona-roja","tag-huazantlan-del-rio","tag-san-mateo-del-mar"],"jetpack_featured_media_url":"https:\/\/zonaroja.com.mx\/wp-content\/uploads\/2020\/06\/Masacrados-San-Mateo-del-Mar.jpg","jetpack_sharing_enabled":true,"_links":{"self":[{"href":"https:\/\/zonaroja.com.mx\/index.php?rest_route=\/wp\/v2\/posts\/14096","targetHints":{"allow":["GET"]}}],"collection":[{"href":"https:\/\/zonaroja.com.mx\/index.php?rest_route=\/wp\/v2\/posts"}],"about":[{"href":"https:\/\/zonaroja.com.mx\/index.php?rest_route=\/wp\/v2\/types\/post"}],"author":[{"embeddable":true,"href":"https:\/\/zonaroja.com.mx\/index.php?rest_route=\/wp\/v2\/users\/2"}],"replies":[{"embeddable":true,"href":"https:\/\/zonaroja.com.mx\/index.php?rest_route=%2Fwp%2Fv2%2Fcomments&post=14096"}],"version-history":[{"count":2,"href":"https:\/\/zonaroja.com.mx\/index.php?rest_route=\/wp\/v2\/posts\/14096\/revisions"}],"predecessor-version":[{"id":14099,"href":"https:\/\/zonaroja.com.mx\/index.php?rest_route=\/wp\/v2\/posts\/14096\/revisions\/14099"}],"wp:featuredmedia":[{"embeddable":true,"href":"https:\/\/zonaroja.com.mx\/index.php?rest_route=\/wp\/v2\/media\/14097"}],"wp:attachment":[{"href":"https:\/\/zonaroja.com.mx\/index.php?rest_route=%2Fwp%2Fv2%2Fmedia&parent=14096"}],"wp:term":[{"taxonomy":"category","embeddable":true,"href":"https:\/\/zonaroja.com.mx\/index.php?rest_route=%2Fwp%2Fv2%2Fcategories&post=14096"},{"taxonomy":"post_tag","embeddable":true,"href":"https:\/\/zonaroja.com.mx\/index.php?rest_route=%2Fwp%2Fv2%2Ftags&post=14096"}],"curies":[{"name":"wp","href":"https:\/\/api.w.org\/{rel}","templated":true}]}}