{"id":14100,"date":"2020-06-22T15:07:49","date_gmt":"2020-06-22T20:07:49","guid":{"rendered":"http:\/\/www.zonaroja.com.mx\/?p=14100"},"modified":"2020-06-22T15:07:52","modified_gmt":"2020-06-22T20:07:52","slug":"sindicato-de-burocratas-de-gobierno-se-opone-a-regresar-a-laborar","status":"publish","type":"post","link":"https:\/\/zonaroja.com.mx\/?p=14100","title":{"rendered":"Sindicato de bur\u00f3cratas de gobierno se opone a regresar a laborar"},"content":{"rendered":"\n<p>Yuridiana\nSosa\/Zona Roja.<\/p>\n\n\n\n<p>Oaxaca de\nJu\u00e1rez, Oax., 22 de junio de 2020.- La dirigencia del Sindicato de Trabajadores\nde los Poderes del Estado e Instituciones Descentralizadas de Car\u00e1cter Estatal\n(STPEIDCEO) manifest\u00f3 su oposici\u00f3n para el regreso de actividades; ser\u00e1 hasta\nque existan condiciones laborales de sanidad para m\u00e1s de 13 mil agremiados.<\/p>\n\n\n\n<p>El\nrechaz\u00f3 se dio tras el anuncio del gobernador Alejandro Murat para comenzar,\nposiblemente, en la fase de reincorporaci\u00f3n de actividades en una \u201cnueva\nnormalidad\u201d el 1 de julio, y de la publicaci\u00f3n de la Secretar\u00eda de\nAdministraci\u00f3n del manual \u201cPlan para un retorno seguro y ordenado a la\nactividad laboral\u201d, para los trabajadores del Estado para regresar la pr\u00f3xima\nsemana.<\/p>\n\n\n\n<p>El\nsecretario general del sindicato, Juan Ignacio Cruz Villavicencio, asever\u00f3 en\nun video este lunes que se determin\u00f3 que ning\u00fan trabajador de su gremio\nregresar\u00e1 a sus actividades en lo inmediato.<\/p>\n\n\n\n<p>\u201cNo\nregresaremos a trabajar hasta que no haya condiciones correctas para ofrecer a\nla base trabajadora una estabilidad\u201d, indic\u00f3 el dirigente, pues consideran que\nen Oaxaca a\u00fan no existen las condiciones para un regreso.<\/p>\n\n\n\n<p>Pues son\nm\u00e1s de 13 mil los agremiados al STPEIDCEO que trabajan en distintas\ndependencias ubicadas, mismos que tambi\u00e9n se movilizan de la capital a las\nsedes de las oficinas estatales en municipios conurbados y viceversa.<\/p>\n\n\n\n<p>La\ndirigencia reprob\u00f3 el plan dise\u00f1ado por el Gobierno del Estado sobre las\nestrategias que se pretenden aplicar para el regreso de los trabajadores, as\u00ed\ncomo se\u00f1alaron que las alfombras en las oficinas de Ciudad Administrativa y\nJudicial son un foco de infecci\u00f3n de hace m\u00e1s de una d\u00e9cada.<\/p>\n\n\n\n<p>Por su parte,\nla Secretar\u00eda de Administraci\u00f3n inform\u00f3 que son 40 mil 349 trabajadores al\nservicio de la administraci\u00f3n p\u00fablica estatal, de los que cinco mil 700 es\npoblaci\u00f3n vulnerable ante la contingencia por Covid-19.<\/p>\n\n\n\n<p>Indic\u00f3\nque se reincorporar\u00edan al menos unas 27 mil 798 trabajadores, cuatro mil 530 en\nCiudad Administrativa en Tlalixtac de Cabrera y 13 mil 753 en Ciudad Judicial,\nen San Bartolo Coyotepec, adem\u00e1s de nueve mil 515 en otras sedes.<\/p>\n","protected":false},"excerpt":{"rendered":"<p>Yuridiana Sosa\/Zona Roja. Oaxaca de Ju\u00e1rez, Oax., 22 de junio de 2020.- La dirigencia del&hellip;<\/p>\n","protected":false},"author":2,"featured_media":9974,"comment_status":"closed","ping_status":"open","sticky":false,"template":"","format":"standard","meta":{"_lmt_disableupdate":"","_lmt_disable":"","_jetpack_memberships_contains_paid_content":false,"footnotes":""},"categories":[109,47],"tags":[1781],"class_list":["post-14100","post","type-post","status-publish","format-standard","has-post-thumbnail","hentry","category-minuto-a-minuto","category-zona-gris","tag-sindicato-de-trabajadores-al-servicio-de-los-poderes-del-estado"],"jetpack_featured_media_url":"https:\/\/zonaroja.com.mx\/wp-content\/uploads\/2020\/03\/IMG_1262.jpg","jetpack_sharing_enabled":true,"_links":{"self":[{"href":"https:\/\/zonaroja.com.mx\/index.php?rest_route=\/wp\/v2\/posts\/14100","targetHints":{"allow":["GET"]}}],"collection":[{"href":"https:\/\/zonaroja.com.mx\/index.php?rest_route=\/wp\/v2\/posts"}],"about":[{"href":"https:\/\/zonaroja.com.mx\/index.php?rest_route=\/wp\/v2\/types\/post"}],"author":[{"embeddable":true,"href":"https:\/\/zonaroja.com.mx\/index.php?rest_route=\/wp\/v2\/users\/2"}],"replies":[{"embeddable":true,"href":"https:\/\/zonaroja.com.mx\/index.php?rest_route=%2Fwp%2Fv2%2Fcomments&post=14100"}],"version-history":[{"count":1,"href":"https:\/\/zonaroja.com.mx\/index.php?rest_route=\/wp\/v2\/posts\/14100\/revisions"}],"predecessor-version":[{"id":14101,"href":"https:\/\/zonaroja.com.mx\/index.php?rest_route=\/wp\/v2\/posts\/14100\/revisions\/14101"}],"wp:featuredmedia":[{"embeddable":true,"href":"https:\/\/zonaroja.com.mx\/index.php?rest_route=\/wp\/v2\/media\/9974"}],"wp:attachment":[{"href":"https:\/\/zonaroja.com.mx\/index.php?rest_route=%2Fwp%2Fv2%2Fmedia&parent=14100"}],"wp:term":[{"taxonomy":"category","embeddable":true,"href":"https:\/\/zonaroja.com.mx\/index.php?rest_route=%2Fwp%2Fv2%2Fcategories&post=14100"},{"taxonomy":"post_tag","embeddable":true,"href":"https:\/\/zonaroja.com.mx\/index.php?rest_route=%2Fwp%2Fv2%2Ftags&post=14100"}],"curies":[{"name":"wp","href":"https:\/\/api.w.org\/{rel}","templated":true}]}}