{"id":14102,"date":"2020-06-22T16:01:22","date_gmt":"2020-06-22T21:01:22","guid":{"rendered":"http:\/\/www.zonaroja.com.mx\/?p=14102"},"modified":"2020-06-22T16:01:25","modified_gmt":"2020-06-22T21:01:25","slug":"confirma-ayuntamiento-huave-que-fueron-15-masacrados-entre-ellos-dos-mujeres","status":"publish","type":"post","link":"https:\/\/zonaroja.com.mx\/?p=14102","title":{"rendered":"Confirma ayuntamiento huave que fueron 15 masacrados, entre ellos dos mujeres"},"content":{"rendered":"\n<p>Yuridiana\nSosa\/Zona Roja.<\/p>\n\n\n\n<p>Oaxaca de\nJu\u00e1rez, Oax., 22 de junio de 2020.- El gobierno municipal de San Mateo del Mar\nconfirm\u00f3 el asesinato de 15 personas, durante una masacre la noche de este\ndomingo y madrugada de hoy por parte de un grupo del que, se\u00f1al\u00f3, est\u00e1\ninvolucrado el agente municipal de Huazantl\u00e1n del R\u00edo.<\/p>\n\n\n\n<p>El\nayuntamiento del pueblo ind\u00edgena Ikoots (huave), de la regi\u00f3n del Istmo,\ninform\u00f3 en un comunicado que las personas fueron torturadas y quemadas vivas;\nde los 15 cuidados, dos era mujeres.<\/p>\n\n\n\n<p>Los pobladores, dijo la autoridad municipal, se manifestaron de manera pac\u00edfica para exigir el respeto a sus derechos luego de haber sido detenidas y retenidas en contra de su voluntad por quien se ostenta como agente municipal de Huazantl\u00e1n del R\u00edo, Jos\u00e9 Luis Ch\u00e1vez Salinas.<\/p>\n\n\n\n<figure class=\"wp-block-image\"><img decoding=\"async\" width=\"679\" height=\"337\" src=\"http:\/\/www.zonaroja.com.mx\/wp-content\/uploads\/2020\/06\/San-Mateo-del-Mar-masacrados.jpg\" alt=\"\" class=\"wp-image-14104\" srcset=\"https:\/\/zonaroja.com.mx\/wp-content\/uploads\/2020\/06\/San-Mateo-del-Mar-masacrados.jpg 679w, https:\/\/zonaroja.com.mx\/wp-content\/uploads\/2020\/06\/San-Mateo-del-Mar-masacrados-300x149.jpg 300w, https:\/\/zonaroja.com.mx\/wp-content\/uploads\/2020\/06\/San-Mateo-del-Mar-masacrados-585x290.jpg 585w\" sizes=\"(max-width: 679px) 100vw, 679px\" \/><\/figure>\n\n\n\n<p>Junto con\nel agente, seg\u00fan acus\u00f3 en un comunicado, actuaron los ciudadanos Camerino\nD\u00e1valos Larrinzar, Pedro D\u00e1valos Larrinzar, Laura Fiallo Sandoval, Marcelino\nRam\u00edrez Nolasco, Iv\u00e1n Mateos L\u00f3pez, se\u00f1alados como los presuntos responsables.<\/p>\n\n\n\n<p>Las\nautoridades municipales tambi\u00e9n aseveraron que los hechos violentos fueron\nrespaldados por quien se dice ser \u201cjefe de plaza\u201d de un grupo de la\ndelincuencia organizada llamado Gualterio Escand\u00f3n alias \u201cGual Perol\u201d.<\/p>\n\n\n\n<p>El\nayuntamiento puntualiz\u00f3 que anterior a los hechos, ante otros ataques\nregistrados, las mujeres agredidas solicitaron medidas cautelares a derechos\nhumanos, pero no se las otorgaron; en su lugar le fueron dadas al agente de\nHuazantl\u00e1n del R\u00edo.<\/p>\n\n\n\n<p>\u201cEstamos\ndevastados y suplicando la colaboraci\u00f3n inmediata para que se aplique justicia\nmediante la investigaci\u00f3n de hechos, y que con ello se lleven a cabo medidas de\nprevenci\u00f3n para San Mateo del Mar\u201d, cit\u00f3 la autoridad.<\/p>\n","protected":false},"excerpt":{"rendered":"<p>Yuridiana Sosa\/Zona Roja. Oaxaca de Ju\u00e1rez, Oax., 22 de junio de 2020.- El gobierno municipal&hellip;<\/p>\n","protected":false},"author":2,"featured_media":14103,"comment_status":"closed","ping_status":"open","sticky":false,"template":"","format":"standard","meta":{"_lmt_disableupdate":"","_lmt_disable":"","_jetpack_memberships_contains_paid_content":false,"footnotes":""},"categories":[109,51],"tags":[1656,605],"class_list":["post-14102","post","type-post","status-publish","format-standard","has-post-thumbnail","hentry","category-minuto-a-minuto","category-zona-roja","tag-huazantlan-del-rio","tag-san-mateo-del-mar"],"jetpack_featured_media_url":"https:\/\/zonaroja.com.mx\/wp-content\/uploads\/2020\/06\/Comunicado-San-Mateo-del-Mar.jpg","jetpack_sharing_enabled":true,"_links":{"self":[{"href":"https:\/\/zonaroja.com.mx\/index.php?rest_route=\/wp\/v2\/posts\/14102","targetHints":{"allow":["GET"]}}],"collection":[{"href":"https:\/\/zonaroja.com.mx\/index.php?rest_route=\/wp\/v2\/posts"}],"about":[{"href":"https:\/\/zonaroja.com.mx\/index.php?rest_route=\/wp\/v2\/types\/post"}],"author":[{"embeddable":true,"href":"https:\/\/zonaroja.com.mx\/index.php?rest_route=\/wp\/v2\/users\/2"}],"replies":[{"embeddable":true,"href":"https:\/\/zonaroja.com.mx\/index.php?rest_route=%2Fwp%2Fv2%2Fcomments&post=14102"}],"version-history":[{"count":1,"href":"https:\/\/zonaroja.com.mx\/index.php?rest_route=\/wp\/v2\/posts\/14102\/revisions"}],"predecessor-version":[{"id":14105,"href":"https:\/\/zonaroja.com.mx\/index.php?rest_route=\/wp\/v2\/posts\/14102\/revisions\/14105"}],"wp:featuredmedia":[{"embeddable":true,"href":"https:\/\/zonaroja.com.mx\/index.php?rest_route=\/wp\/v2\/media\/14103"}],"wp:attachment":[{"href":"https:\/\/zonaroja.com.mx\/index.php?rest_route=%2Fwp%2Fv2%2Fmedia&parent=14102"}],"wp:term":[{"taxonomy":"category","embeddable":true,"href":"https:\/\/zonaroja.com.mx\/index.php?rest_route=%2Fwp%2Fv2%2Fcategories&post=14102"},{"taxonomy":"post_tag","embeddable":true,"href":"https:\/\/zonaroja.com.mx\/index.php?rest_route=%2Fwp%2Fv2%2Ftags&post=14102"}],"curies":[{"name":"wp","href":"https:\/\/api.w.org\/{rel}","templated":true}]}}